{"id":108580,"date":"2018-06-20T15:06:43","date_gmt":"2018-06-20T18:06:43","guid":{"rendered":"http:\/\/diarioregionaljf.com.br\/?p=108580"},"modified":"2018-06-20T15:51:33","modified_gmt":"2018-06-20T18:51:33","slug":"jovem-e-detida-na-rodoviaria-de-araxa-com-drogas-em-mochila","status":"publish","type":"post","link":"https:\/\/diarioregionaldigital.com.br\/?p=108580","title":{"rendered":"Jovem \u00e9 detida na rodovi\u00e1ria de Arax\u00e1 com drogas em mochila"},"content":{"rendered":"<p>Na noite desta ter\u00e7a-feira, 19, uma jovem de 21 anos foi detida no Terminal Rodovi\u00e1rio de Arax\u00e1 carregando uma mochila com maconha e crack.<\/p>\n<p>Segundo o registro de ocorr\u00eancia da Pol\u00edcia Militar (PM), a jovem demonstrou nervosismo ao ser abordada pelos militares, que estavam em patrulhamento na rodovi\u00e1ria. Na mochila, foram encontrados cinco tabletes de maconha, uma barra de crack, al\u00e9m de outros objetos e dinheiro.<\/p>\n<p>A mulher foi encaminhada \u00e0 Delegacia da Pol\u00edcia Civil da cidade e os materiais foram apreendidos.<\/p>\n<p>&nbsp;<\/p>\n<p>Fonte: Assessoria da PM<\/p>\n","protected":false},"excerpt":{"rendered":"<p>Na noite desta ter\u00e7a-feira, 19, uma jovem de 21 anos foi detida no Terminal Rodovi\u00e1rio de Arax\u00e1 carregando uma mochila com maconha e crack. Segundo o registro de ocorr\u00eancia da Pol\u00edcia Militar (PM), a jovem demonstrou nervosismo ao ser abordada pelos militares, que estavam em patrulhamento na rodovi\u00e1ria. Na mochila, foram encontrados cinco tabletes de [&hellip;]<\/p>\n","protected":false},"author":96,"featured_media":95105,"comment_status":"closed","ping_status":"closed","sticky":false,"template":"","format":"standard","meta":{"footnotes":""},"categories":[252,439],"tags":[],"class_list":["post-108580","post","type-post","status-publish","format-standard","has-post-thumbnail","hentry","category-regiao","category-ultima-hora"],"_links":{"self":[{"href":"https:\/\/diarioregionaldigital.com.br\/index.php?rest_route=\/wp\/v2\/posts\/108580","targetHints":{"allow":["GET"]}}],"collection":[{"href":"https:\/\/diarioregionaldigital.com.br\/index.php?rest_route=\/wp\/v2\/posts"}],"about":[{"href":"https:\/\/diarioregionaldigital.com.br\/index.php?rest_route=\/wp\/v2\/types\/post"}],"author":[{"embeddable":true,"href":"https:\/\/diarioregionaldigital.com.br\/index.php?rest_route=\/wp\/v2\/users\/96"}],"replies":[{"embeddable":true,"href":"https:\/\/diarioregionaldigital.com.br\/index.php?rest_route=%2Fwp%2Fv2%2Fcomments&post=108580"}],"version-history":[{"count":0,"href":"https:\/\/diarioregionaldigital.com.br\/index.php?rest_route=\/wp\/v2\/posts\/108580\/revisions"}],"wp:featuredmedia":[{"embeddable":true,"href":"https:\/\/diarioregionaldigital.com.br\/index.php?rest_route=\/wp\/v2\/media\/95105"}],"wp:attachment":[{"href":"https:\/\/diarioregionaldigital.com.br\/index.php?rest_route=%2Fwp%2Fv2%2Fmedia&parent=108580"}],"wp:term":[{"taxonomy":"category","embeddable":true,"href":"https:\/\/diarioregionaldigital.com.br\/index.php?rest_route=%2Fwp%2Fv2%2Fcategories&post=108580"},{"taxonomy":"post_tag","embeddable":true,"href":"https:\/\/diarioregionaldigital.com.br\/index.php?rest_route=%2Fwp%2Fv2%2Ftags&post=108580"}],"curies":[{"name":"wp","href":"https:\/\/api.w.org\/{rel}","templated":true}]}}