{"id":108572,"date":"2018-06-20T14:18:00","date_gmt":"2018-06-20T17:18:00","guid":{"rendered":"http:\/\/diarioregionaljf.com.br\/?p=108572"},"modified":"2018-06-20T14:18:00","modified_gmt":"2018-06-20T17:18:00","slug":"mamm-e-a-primeira-instituicao-da-regiao-a-receber-selo-museu-registrado","status":"publish","type":"post","link":"https:\/\/diarioregionaldigital.com.br\/?p=108572","title":{"rendered":"Mamm \u00e9 a primeira institui\u00e7\u00e3o da regi\u00e3o a receber selo \u201cMuseu Registrado\u201d"},"content":{"rendered":"<p>O Museu de Arte Murilo Mendes (Mamm) recebeu, na \u00faltima sexta-feira. 15, do Instituto Brasileiro de Museus (Ibram), \u00f3rg\u00e3o ligado ao Minist\u00e9rio da Cultura, o selo \u201cMuseu Registrado\u201d. O Mamm \u00e9 a primeira institui\u00e7\u00e3o da regi\u00e3o \u2013 e uma das primeiras de Minas Gerais \u2013 a receber a certifica\u00e7\u00e3o. Como ressalta o diretor Ricardo Cristofaro, o selo\u00a0permite aumentar a visibilidade do Museu, tanto em \u00e2mbito nacional como internacional, propicia o compartilhamento direto com a sociedade de informa\u00e7\u00f5es aprofundadas sobre os museus e auxilia os \u00f3rg\u00e3os a qualificar as pol\u00edticas p\u00fablicas voltadas para o setor. Al\u00e9m disso, permite que o Museu exer\u00e7a o direito de prefer\u00eancia em casos de Declara\u00e7\u00e3o de Interesse P\u00fablico e, principalmente, o habilita a participar de editais do Ibram ou de outras entidades que promovam o fomento aos museus e que exijam seu reconhecimento.<\/p>\n<p>\u201cA conquista do selo \u00e9 fruto da preocupa\u00e7\u00e3o de se colocar o Mann dentro de uma perspectiva que atenda \u00e0s legisla\u00e7\u00f5es atuais. Hoje em dia, em qualquer processo relevante que envolva obter benef\u00edcios e participar de editais, exige-se o enquadramento na Pol\u00edtica Nacional de Museus. Essa pol\u00edtica \u00e9 exitosa, porque tende a profissionalizar cada vez mais o trabalho das institui\u00e7\u00f5es\u201d, afirma Cristofaro.<\/p>\n<p>O processo para obten\u00e7\u00e3o do reconhecimento come\u00e7ou em setembro de 2017. \u00c0 frente da iniciativa estavam a muse\u00f3loga Raquel Barbosa e o restaurador Alo\u00edsio Arnaldo de Castro. Ao longo do per\u00edodo, os dois abriram o processo junto ao Ibram, enviaram documentos e responderam a diversos question\u00e1rios a fim de comprovar a qualidade do espa\u00e7o f\u00edsico, das instala\u00e7\u00f5es, al\u00e9m do trabalho e a\u00e7\u00f5es que v\u00eam sendo desenvolvidos pela unidade museol\u00f3gica. \u201cA obten\u00e7\u00e3o do selo de registro \u00e9 o coroamento das a\u00e7\u00f5es, no sentido de que evidencia que o Mamm est\u00e1 inserido na Pol\u00edtica Nacional de Museus e n\u00e3o est\u00e1 alijado desse processo. O selo demonstra que o museu est\u00e1 consoante com as diretrizes conceituais do cen\u00e1rio museal brasileiro\u201d, afirma Alo\u00edsio de Castro.<\/p>\n<div id=\"attachment_36416\" class=\"wp-caption alignright\">\n<p class=\"wp-caption-text\">\n<\/div>\n<p>Como explica a muse\u00f3loga Raquel Barbosa, existe uma diferen\u00e7a entre o cadastro de museus e o selo de registro concedido pelo Ibram. \u201cO cadastro pode ser solicitado por qualquer pessoa f\u00edsica ou entidade, desde que haja um espa\u00e7o aberto de visita\u00e7\u00e3o a uma cole\u00e7\u00e3o. Por sua vez, o selo atesta que a entidade cultural est\u00e1 de acordo com os preceitos exigidos pelo \u00f3rg\u00e3o\u201d.<\/p>\n<p>No endere\u00e7o eletr\u00f4nico do Ibram\u00a0consta a seguinte defini\u00e7\u00e3o, baseada no artigo primeiro do Estatuto de Museus, Lei n\u00ba 11.904, de 14 de janeiro de 2009: \u201cConsideram-se museus as institui\u00e7\u00f5es sem fins lucrativos que conservam, investigam, comunicam, interpretam e exp\u00f5em, para fins de preserva\u00e7\u00e3o, estudo, pesquisa, educa\u00e7\u00e3o, contempla\u00e7\u00e3o e turismo, conjuntos e cole\u00e7\u00f5es de valor hist\u00f3rico, art\u00edstico, cient\u00edfico, t\u00e9cnico ou de qualquer outra natureza cultural, abertas ao p\u00fablico, a servi\u00e7o da sociedade e de seu desenvolvimento.\u201d<\/p>\n<p>O Ibram mant\u00e9m um cadastro nacional de v\u00e1rias institui\u00e7\u00f5es culturais e museus sediados em todo territ\u00f3rio nacional. Entretanto, a concess\u00e3o do termo \u201cmuseu\u201d, utilizado pelos espa\u00e7os muitas vezes de forma corriqueira e sem crit\u00e9rios, visa, por meio do selo, ao reconhecimento e \u00e0 normatiza\u00e7\u00e3o do termo. \u201cA certifica\u00e7\u00e3o nos d\u00e1 um avan\u00e7o na \u00e1rea, embora tenhamos ainda grandes desafios pela frente\u201d, afirma Alo\u00edsio de Castro.<\/p>\n<p><strong>O Mamm<\/strong><\/p>\n<p>Inaugurado em 2005, o Museu de Arte Murilo Mendes da Universidade Federal de Juiz de Fora abriga o acervo bibliogr\u00e1fico e de artes visuais do poeta juiz-forano Murilo Mendes. Al\u00e9m de promover exposi\u00e7\u00f5es, o espa\u00e7o tamb\u00e9m desenvolve intensa programa\u00e7\u00e3o cultural, educativa e gratuita com vistas \u00e0 continua\u00e7\u00e3o do legado muriliano.<\/p>\n<p>O Mamm tamb\u00e9m desempenha papel importante na preserva\u00e7\u00e3o da mem\u00f3ria cultural de Juiz de Fora, custodiando e preservando acervos de importantes personalidades da cultura local. Nas depend\u00eancias do Mamm encontram-se a Biblioteca e Hemeroteca Dormevilly N\u00f3brega, a biblioteca da escritora Cleonice Rainho, da fam\u00edlia Cosette de Alencar, do arquiteto Arthur Arcuri, do artista pl\u00e1stico Jo\u00e3o Guimar\u00e3es Vieira e da autora Maria de Lourdes de Oliveira.<\/p>\n<p>&nbsp;<\/p>\n<p>&nbsp;<\/p>\n<p>Fonte: Assessoria da UFJF<\/p>\n","protected":false},"excerpt":{"rendered":"<p>O Museu de Arte Murilo Mendes (Mamm) recebeu, na \u00faltima sexta-feira. 15, do Instituto Brasileiro de Museus (Ibram), \u00f3rg\u00e3o ligado ao Minist\u00e9rio da Cultura, o selo \u201cMuseu Registrado\u201d. O Mamm \u00e9 a primeira institui\u00e7\u00e3o da regi\u00e3o \u2013 e uma das primeiras de Minas Gerais \u2013 a receber a certifica\u00e7\u00e3o. Como ressalta o diretor Ricardo Cristofaro, [&hellip;]<\/p>\n","protected":false},"author":96,"featured_media":108573,"comment_status":"closed","ping_status":"closed","sticky":false,"template":"","format":"standard","meta":{"footnotes":""},"categories":[253],"tags":[],"class_list":["post-108572","post","type-post","status-publish","format-standard","has-post-thumbnail","hentry","category-cidade"],"_links":{"self":[{"href":"https:\/\/diarioregionaldigital.com.br\/index.php?rest_route=\/wp\/v2\/posts\/108572","targetHints":{"allow":["GET"]}}],"collection":[{"href":"https:\/\/diarioregionaldigital.com.br\/index.php?rest_route=\/wp\/v2\/posts"}],"about":[{"href":"https:\/\/diarioregionaldigital.com.br\/index.php?rest_route=\/wp\/v2\/types\/post"}],"author":[{"embeddable":true,"href":"https:\/\/diarioregionaldigital.com.br\/index.php?rest_route=\/wp\/v2\/users\/96"}],"replies":[{"embeddable":true,"href":"https:\/\/diarioregionaldigital.com.br\/index.php?rest_route=%2Fwp%2Fv2%2Fcomments&post=108572"}],"version-history":[{"count":0,"href":"https:\/\/diarioregionaldigital.com.br\/index.php?rest_route=\/wp\/v2\/posts\/108572\/revisions"}],"wp:featuredmedia":[{"embeddable":true,"href":"https:\/\/diarioregionaldigital.com.br\/index.php?rest_route=\/wp\/v2\/media\/108573"}],"wp:attachment":[{"href":"https:\/\/diarioregionaldigital.com.br\/index.php?rest_route=%2Fwp%2Fv2%2Fmedia&parent=108572"}],"wp:term":[{"taxonomy":"category","embeddable":true,"href":"https:\/\/diarioregionaldigital.com.br\/index.php?rest_route=%2Fwp%2Fv2%2Fcategories&post=108572"},{"taxonomy":"post_tag","embeddable":true,"href":"https:\/\/diarioregionaldigital.com.br\/index.php?rest_route=%2Fwp%2Fv2%2Ftags&post=108572"}],"curies":[{"name":"wp","href":"https:\/\/api.w.org\/{rel}","templated":true}]}}