{"id":108569,"date":"2018-06-20T14:04:12","date_gmt":"2018-06-20T17:04:12","guid":{"rendered":"http:\/\/diarioregionaljf.com.br\/?p=108569"},"modified":"2018-06-20T14:04:12","modified_gmt":"2018-06-20T17:04:12","slug":"policia-civil-prende-homem-suspeito-de-abusar-do-filho-de-quatro-anos-em-barbacena","status":"publish","type":"post","link":"https:\/\/diarioregionaldigital.com.br\/?p=108569","title":{"rendered":"Pol\u00edcia Civil prende homem suspeito de abusar do filho de quatro anos em Barbacena"},"content":{"rendered":"<p align=\"justify\">A Pol\u00edcia Civil de Minas Gerais prendeu, nessa ter\u00e7a-feira, 19, um homem suspeito de abusar sexualmente do pr\u00f3prio filho, de quatro anos de idade, na cidade de Barbacena.<\/p>\n<p align=\"justify\">Segundo den\u00fancias da m\u00e3e da v\u00edtima, o crime acontecia durante os per\u00edodos em que o menor ficava com o suspeito, que possu\u00eda guarda compartilhada com a m\u00e3e. Ap\u00f3s investiga\u00e7\u00f5es, foi instaurado inqu\u00e9rito policial, pedida a pris\u00e3o tempor\u00e1ria do suspeito e a v\u00edtima encaminhada para exame de corpo de delito.<\/p>\n<p align=\"justify\">O suspeito foi preso em sua resid\u00eancia, levado para prestar esclarecimentos e encaminhado ao Sistema Prisional.<\/p>\n<p align=\"justify\">\n<p align=\"justify\">Fonte: Portal de Not\u00edcias Barbacena<\/p>\n","protected":false},"excerpt":{"rendered":"<p>A Pol\u00edcia Civil de Minas Gerais prendeu, nessa ter\u00e7a-feira, 19, um homem suspeito de abusar sexualmente do pr\u00f3prio filho, de quatro anos de idade, na cidade de Barbacena. Segundo den\u00fancias da m\u00e3e da v\u00edtima, o crime acontecia durante os per\u00edodos em que o menor ficava com o suspeito, que possu\u00eda guarda compartilhada com a m\u00e3e. [&hellip;]<\/p>\n","protected":false},"author":96,"featured_media":108570,"comment_status":"closed","ping_status":"closed","sticky":false,"template":"","format":"standard","meta":{"footnotes":""},"categories":[252],"tags":[],"class_list":["post-108569","post","type-post","status-publish","format-standard","has-post-thumbnail","hentry","category-regiao"],"_links":{"self":[{"href":"https:\/\/diarioregionaldigital.com.br\/index.php?rest_route=\/wp\/v2\/posts\/108569","targetHints":{"allow":["GET"]}}],"collection":[{"href":"https:\/\/diarioregionaldigital.com.br\/index.php?rest_route=\/wp\/v2\/posts"}],"about":[{"href":"https:\/\/diarioregionaldigital.com.br\/index.php?rest_route=\/wp\/v2\/types\/post"}],"author":[{"embeddable":true,"href":"https:\/\/diarioregionaldigital.com.br\/index.php?rest_route=\/wp\/v2\/users\/96"}],"replies":[{"embeddable":true,"href":"https:\/\/diarioregionaldigital.com.br\/index.php?rest_route=%2Fwp%2Fv2%2Fcomments&post=108569"}],"version-history":[{"count":0,"href":"https:\/\/diarioregionaldigital.com.br\/index.php?rest_route=\/wp\/v2\/posts\/108569\/revisions"}],"wp:featuredmedia":[{"embeddable":true,"href":"https:\/\/diarioregionaldigital.com.br\/index.php?rest_route=\/wp\/v2\/media\/108570"}],"wp:attachment":[{"href":"https:\/\/diarioregionaldigital.com.br\/index.php?rest_route=%2Fwp%2Fv2%2Fmedia&parent=108569"}],"wp:term":[{"taxonomy":"category","embeddable":true,"href":"https:\/\/diarioregionaldigital.com.br\/index.php?rest_route=%2Fwp%2Fv2%2Fcategories&post=108569"},{"taxonomy":"post_tag","embeddable":true,"href":"https:\/\/diarioregionaldigital.com.br\/index.php?rest_route=%2Fwp%2Fv2%2Ftags&post=108569"}],"curies":[{"name":"wp","href":"https:\/\/api.w.org\/{rel}","templated":true}]}}