{"id":108558,"date":"2018-06-20T13:22:23","date_gmt":"2018-06-20T16:22:23","guid":{"rendered":"http:\/\/diarioregionaljf.com.br\/?p=108558"},"modified":"2018-06-20T13:23:28","modified_gmt":"2018-06-20T16:23:28","slug":"temer-alerta-para-os-que-apostam-na-noticia-falsa-para-se-beneficiar","status":"publish","type":"post","link":"https:\/\/diarioregionaldigital.com.br\/?p=108558","title":{"rendered":"Temer alerta para os que apostam na not\u00edcia falsa para se beneficiar"},"content":{"rendered":"<p>Ao discursar nessa quarta-feira, 20, em semin\u00e1rio sobre <em>fake news\u00a0<\/em>(not\u00edcias falsas), o presidente Michel Temer alertou que no per\u00edodo eleitoral algumas pessoas podem apostar na desinforma\u00e7\u00e3o em busca de se beneficiar nas elei\u00e7\u00f5es de outubro.<\/p>\n<p>\u201cMuitas vezes no per\u00edodo eleitoral, como lembrava o eminente presidente Fux (Luiz Fux, presidente do Tribunal Superior Eleitoral), haver\u00e1 aqueles que apostam na desinforma\u00e7\u00e3o de olho nos pr\u00f3prios interesses\u201d, disse o presidente no <a href=\"http:\/\/agenciabrasil.ebc.com.br\/politica\/noticia\/2018-06\/noticias-falsas-podem-colocar-eleicoes-em-risco-diz-presidente-do-tse\">Semin\u00e1rio Impacto Social, Pol\u00edtico e Econ\u00f4mico das Fake News<\/a>, da Associa\u00e7\u00e3o Brasileira de R\u00e1dio e Televis\u00e3o (Abratel). Antes do presidente, o ministro Luiz Fux disse que as not\u00edcias falsas podem prejudicar um pleito eleitoral e o processo democr\u00e1tico.<\/p>\n<p>Temer disse que a desinforma\u00e7\u00e3o \u00e9 um mal para o pa\u00eds, e avaliou que o mais importante no pleito de outubro deve ser votar em projetos e n\u00e3o em candidatos. \u201cDai, sim, voc\u00ea estar\u00e1 fazendo algo pelo pa\u00eds, porque as desinforma\u00e7\u00f5es, a malemol\u00eancia de candidatos ao fundamento de que n\u00e3o vou dizer isso porque perco o eleitorado tal, \u00e9 um mal para ao pa\u00eds\u201d, disse.<\/p>\n<p>O presidente defendeu a liberdade de imprensa como um pilar essencial da democracia. Segundo ele, \u201ca imprensa livre e a democracia s\u00e3o irm\u00e3s siamesas e uma n\u00e3o existe sem a outra\u201d. Temer acrescentou que as sociedades que valorizam e promovem a livre divulga\u00e7\u00e3o de ideias s\u00e3o sociedades mais fortes e mais din\u00e2micas.<\/p>\n<p>\u201c\u00c9 a circula\u00e7\u00e3o desimpedida de informa\u00e7\u00f5es e opini\u00f5es que garante o ambiente adequado para que cada indiv\u00edduo forme livremente as suas convic\u00e7\u00f5es. Num estado totalit\u00e1rio voc\u00ea tem uma \u00fanica dire\u00e7\u00e3o da imprensa e essa formata\u00e7\u00e3o da imprensa \u00e9 que acaba formando as consci\u00eancias\u201d.<\/p>\n<p>Para Temer, o avan\u00e7o tecnol\u00f3gico traz virtudes e defeitos. A virtude seria difundir mais r\u00e1pido e amplamente o que acontece no pa\u00eds e no mundo. O defeito, segundo o presidente, \u00e9 o do car\u00e1ter de quem utiliza a internet para desinformar com as <em>fake news<\/em>.<\/p>\n<p>&nbsp;<\/p>\n<p>&nbsp;<\/p>\n<p>Fonte: Ag\u00eancia Brasil<\/p>\n","protected":false},"excerpt":{"rendered":"<p>Ao discursar nessa quarta-feira, 20, em semin\u00e1rio sobre fake news\u00a0(not\u00edcias falsas), o presidente Michel Temer alertou que no per\u00edodo eleitoral algumas pessoas podem apostar na desinforma\u00e7\u00e3o em busca de se beneficiar nas elei\u00e7\u00f5es de outubro. \u201cMuitas vezes no per\u00edodo eleitoral, como lembrava o eminente presidente Fux (Luiz Fux, presidente do Tribunal Superior Eleitoral), haver\u00e1 aqueles [&hellip;]<\/p>\n","protected":false},"author":96,"featured_media":105907,"comment_status":"closed","ping_status":"closed","sticky":false,"template":"","format":"standard","meta":{"footnotes":""},"categories":[254,439],"tags":[],"class_list":["post-108558","post","type-post","status-publish","format-standard","has-post-thumbnail","hentry","category-politica","category-ultima-hora"],"_links":{"self":[{"href":"https:\/\/diarioregionaldigital.com.br\/index.php?rest_route=\/wp\/v2\/posts\/108558","targetHints":{"allow":["GET"]}}],"collection":[{"href":"https:\/\/diarioregionaldigital.com.br\/index.php?rest_route=\/wp\/v2\/posts"}],"about":[{"href":"https:\/\/diarioregionaldigital.com.br\/index.php?rest_route=\/wp\/v2\/types\/post"}],"author":[{"embeddable":true,"href":"https:\/\/diarioregionaldigital.com.br\/index.php?rest_route=\/wp\/v2\/users\/96"}],"replies":[{"embeddable":true,"href":"https:\/\/diarioregionaldigital.com.br\/index.php?rest_route=%2Fwp%2Fv2%2Fcomments&post=108558"}],"version-history":[{"count":0,"href":"https:\/\/diarioregionaldigital.com.br\/index.php?rest_route=\/wp\/v2\/posts\/108558\/revisions"}],"wp:featuredmedia":[{"embeddable":true,"href":"https:\/\/diarioregionaldigital.com.br\/index.php?rest_route=\/wp\/v2\/media\/105907"}],"wp:attachment":[{"href":"https:\/\/diarioregionaldigital.com.br\/index.php?rest_route=%2Fwp%2Fv2%2Fmedia&parent=108558"}],"wp:term":[{"taxonomy":"category","embeddable":true,"href":"https:\/\/diarioregionaldigital.com.br\/index.php?rest_route=%2Fwp%2Fv2%2Fcategories&post=108558"},{"taxonomy":"post_tag","embeddable":true,"href":"https:\/\/diarioregionaldigital.com.br\/index.php?rest_route=%2Fwp%2Fv2%2Ftags&post=108558"}],"curies":[{"name":"wp","href":"https:\/\/api.w.org\/{rel}","templated":true}]}}