{"id":108554,"date":"2018-06-20T11:28:44","date_gmt":"2018-06-20T14:28:44","guid":{"rendered":"http:\/\/diarioregionaljf.com.br\/?p=108554"},"modified":"2018-06-20T11:29:47","modified_gmt":"2018-06-20T14:29:47","slug":"funalfa-divulga-projetos-aprovados-em-dois-editais-de-cultura","status":"publish","type":"post","link":"https:\/\/diarioregionaldigital.com.br\/?p=108554","title":{"rendered":"Funalfa divulga projetos aprovados em dois editais de cultura"},"content":{"rendered":"<p>O \u201cPrograma de Realiza\u00e7\u00e3o de Eventos Culturais Locais\u201d aprovou nove projetos e 11 propostas foram selecionadas no \u201cEdital de Ocupa\u00e7\u00e3o do Teatro \u2018Paschoal Carlos Magno\u2019\u201d. Os dois editais est\u00e3o em sua primeira edi\u00e7\u00e3o e foram lan\u00e7ados pela Funda\u00e7\u00e3o Cultural \u201cAlfredo Ferreira Lage\u201d (Funalfa), com objetivo de fomentar o desenvolvimento de linguagens art\u00edsticas, ampliando o acesso do p\u00fablico \u00e0 diversidade cultural da cidade.<\/p>\n<p>&nbsp;<\/p>\n<p>Confira a rela\u00e7\u00e3o dos aprovados, por ordem de classifica\u00e7\u00e3o:<\/p>\n<p>&nbsp;<\/p>\n<p><strong>\u00a0\u201cPrograma de Realiza\u00e7\u00e3o de Eventos Culturais Locais\u201d<\/strong><\/p>\n<p>&nbsp;<\/p>\n<p>&#8211; Primeiro Plano 2018 &#8211; Festival de Cinema de Juiz de Fora e Mercocidades<\/p>\n<p>&#8211; Circuito Cultural da Zona Norte<\/p>\n<p>&#8211; 24\u00ba Festcoros<\/p>\n<p>&#8211; Tap\u00f9y &#8211; Toca do Pife!<\/p>\n<p>&#8211; 20\u00ba Festival de Bandas Novas de Juiz de Fora<\/p>\n<p>&#8211; Sess\u00e3o Instrumental<\/p>\n<p>&#8211; 17\u00aa Campanha de Populariza\u00e7\u00e3o do Teatro e da Dan\u00e7a<\/p>\n<p>&#8211; Performa\u00e7\u00e3o: encontro, presen\u00e7a, pot\u00eancia<\/p>\n<p>&#8211; 11\u00ba Jogos Florais de Juiz de Fora<\/p>\n<p>&nbsp;<\/p>\n<p><strong>\u201cEdital de Ocupa\u00e7\u00e3o do Teatro \u2018Paschoal Carlos Magno\u2019\u201d<\/strong><\/p>\n<p>&#8211; Primeiro Plano 2018<\/p>\n<p>&#8211; Festival Jazz da Montanha<\/p>\n<p>&#8211; 24\u00ba Festcoros<\/p>\n<p>&#8211; Show da banda Abracadabra<\/p>\n<p>&#8211; Carolina Serdeira &#8211; Lan\u00e7amento DVD &#8211; Dez anos de carreira<\/p>\n<p>&#8211; Orquestra Sinf\u00f4nica Mario Vieira<\/p>\n<p>&#8211; Respeit\u00e1vel p\u00fablico<\/p>\n<p>&#8211; 17\u00aa Campanha de Populariza\u00e7\u00e3o do Teatro e da Dan\u00e7a (Programa \u201cParceiro Cultural\u201d)<\/p>\n<p>&#8211; Espet\u00e1culo do Advance<\/p>\n<p>&#8211; Mostra de Dan\u00e7a do 6\u00ba Festival Nacional de Dan\u00e7a de Sal\u00e3o (Programa \u201cParceiro Cultural\u201d)<\/p>\n<p>&#8211; Projeto Broa de Fub\u00e1 com Bolo de Rolo (Programa \u201cParceiro Cultural\u201d)<\/p>\n<p>No caso do \u201cPrograma de Realiza\u00e7\u00e3o de Eventos Culturais Locais\u201d, o pr\u00f3ximo passo \u00e9 a assinatura dos contratos, e a primeira atra\u00e7\u00e3o ser\u00e1 Tap\u00f9y &#8211; Toca do Pife!, oficina de fabrica\u00e7\u00e3o de pife (flauta de bambu) e show com artistas e alunos da oficina, em 19 e 20 de julho. A Campanha de Populariza\u00e7\u00e3o do Teatro ser\u00e1 o primeiro evento selecionado por meio do \u201cEdital de Ocupa\u00e7\u00e3o do Teatro \u2018Paschoal Carlos Magno\u2019\u201d, em agosto.<\/p>\n<p>&nbsp;<\/p>\n<p>Fonte: Assessoria<\/p>\n","protected":false},"excerpt":{"rendered":"<p>O \u201cPrograma de Realiza\u00e7\u00e3o de Eventos Culturais Locais\u201d aprovou nove projetos e 11 propostas foram selecionadas no \u201cEdital de Ocupa\u00e7\u00e3o do Teatro \u2018Paschoal Carlos Magno\u2019\u201d. Os dois editais est\u00e3o em sua primeira edi\u00e7\u00e3o e foram lan\u00e7ados pela Funda\u00e7\u00e3o Cultural \u201cAlfredo Ferreira Lage\u201d (Funalfa), com objetivo de fomentar o desenvolvimento de linguagens art\u00edsticas, ampliando o acesso [&hellip;]<\/p>\n","protected":false},"author":96,"featured_media":108555,"comment_status":"closed","ping_status":"closed","sticky":false,"template":"","format":"standard","meta":{"footnotes":""},"categories":[256,439],"tags":[],"class_list":["post-108554","post","type-post","status-publish","format-standard","has-post-thumbnail","hentry","category-cultura","category-ultima-hora"],"_links":{"self":[{"href":"https:\/\/diarioregionaldigital.com.br\/index.php?rest_route=\/wp\/v2\/posts\/108554","targetHints":{"allow":["GET"]}}],"collection":[{"href":"https:\/\/diarioregionaldigital.com.br\/index.php?rest_route=\/wp\/v2\/posts"}],"about":[{"href":"https:\/\/diarioregionaldigital.com.br\/index.php?rest_route=\/wp\/v2\/types\/post"}],"author":[{"embeddable":true,"href":"https:\/\/diarioregionaldigital.com.br\/index.php?rest_route=\/wp\/v2\/users\/96"}],"replies":[{"embeddable":true,"href":"https:\/\/diarioregionaldigital.com.br\/index.php?rest_route=%2Fwp%2Fv2%2Fcomments&post=108554"}],"version-history":[{"count":0,"href":"https:\/\/diarioregionaldigital.com.br\/index.php?rest_route=\/wp\/v2\/posts\/108554\/revisions"}],"wp:featuredmedia":[{"embeddable":true,"href":"https:\/\/diarioregionaldigital.com.br\/index.php?rest_route=\/wp\/v2\/media\/108555"}],"wp:attachment":[{"href":"https:\/\/diarioregionaldigital.com.br\/index.php?rest_route=%2Fwp%2Fv2%2Fmedia&parent=108554"}],"wp:term":[{"taxonomy":"category","embeddable":true,"href":"https:\/\/diarioregionaldigital.com.br\/index.php?rest_route=%2Fwp%2Fv2%2Fcategories&post=108554"},{"taxonomy":"post_tag","embeddable":true,"href":"https:\/\/diarioregionaldigital.com.br\/index.php?rest_route=%2Fwp%2Fv2%2Ftags&post=108554"}],"curies":[{"name":"wp","href":"https:\/\/api.w.org\/{rel}","templated":true}]}}