{"id":108547,"date":"2018-06-20T09:44:29","date_gmt":"2018-06-20T12:44:29","guid":{"rendered":"http:\/\/diarioregionaljf.com.br\/?p=108547"},"modified":"2018-06-20T09:44:57","modified_gmt":"2018-06-20T12:44:57","slug":"supremo-decide-hoje-sobre-validade-de-delacao-negociada-pela-pf","status":"publish","type":"post","link":"https:\/\/diarioregionaldigital.com.br\/?p=108547","title":{"rendered":"Supremo decide hoje sobre validade de dela\u00e7\u00e3o negociada pela PF"},"content":{"rendered":"<p>O Supremo Tribunal Federal (STF) deve retomar hoje, 20, a partir das 14h, o julgamento sobre a autoriza\u00e7\u00e3o legal para que\u00a0 delegados das pol\u00edcias Civil e Federal (PF) possam negociar dela\u00e7\u00f5es premiadas, conforme previsto na Lei de Organiza\u00e7\u00f5es Criminosas (12.850\/2013).<\/p>\n<p>O julgamento foi interrompido em dezembro do ano passado, e o placar est\u00e1 em 6 a 1 a favor das dela\u00e7\u00f5es negociadas pelas pol\u00edcias, mas com diverg\u00eancias. O ponto comum entre os votos \u00e9 sobre a validade da dela\u00e7\u00e3o somente se o Minist\u00e9rio P\u00fablico concordar com o acordo e a proibi\u00e7\u00e3o de que delegados acertem as penas com os colaboradores.<\/p>\n<p>J\u00e1 votaram os ministros Marco Aur\u00e9lio Mello, Alexandre de Moraes, Lu\u00eds Roberto Barroso, Rosa Weber, Luiz Fux e Dias Toffoli. Edson Fachin votou contra. Faltam os votos dos ministros Celso de Mello, Ricardo Lewandowski, Gilmar Mendes e da presidente do STF, C\u00e1rmen L\u00facia.<\/p>\n<p>A corte julga a\u00e7\u00e3o na qual a Procuradoria-Geral da Rep\u00fablica (PGR) alega que a possibilidade de a PF realizar acordos enfraquece a atribui\u00e7\u00e3o exclusiva do Minist\u00e9rio P\u00fablico (MP) de oferecer den\u00fancia contra criminosos.<\/p>\n<p>Para a procuradora-geral da Rep\u00fablica, Raquel Dodge, delegados da PF n\u00e3o t\u00eam a prerrogativa de oferecer pr\u00eamios ao colaborador, uma vez que cabe somente ao Minist\u00e9rio P\u00fablico o papel de apresentar den\u00fancia contra o criminoso.<\/p>\n<p>A Associa\u00e7\u00e3o Nacional dos Delegados de Pol\u00edcia Federal (ADPF) discorda da PGR e considera que a tentativa de impedir que delegados possam propor a assinatura de acordos \u00e9 um retrocesso.<\/p>\n<p>&nbsp;<\/p>\n<p>Fonte: Ag\u00eancia Brasil<\/p>\n","protected":false},"excerpt":{"rendered":"<p>O Supremo Tribunal Federal (STF) deve retomar hoje, 20, a partir das 14h, o julgamento sobre a autoriza\u00e7\u00e3o legal para que\u00a0 delegados das pol\u00edcias Civil e Federal (PF) possam negociar dela\u00e7\u00f5es premiadas, conforme previsto na Lei de Organiza\u00e7\u00f5es Criminosas (12.850\/2013). O julgamento foi interrompido em dezembro do ano passado, e o placar est\u00e1 em 6 [&hellip;]<\/p>\n","protected":false},"author":96,"featured_media":97709,"comment_status":"closed","ping_status":"closed","sticky":false,"template":"","format":"standard","meta":{"footnotes":""},"categories":[302,439],"tags":[],"class_list":["post-108547","post","type-post","status-publish","format-standard","has-post-thumbnail","hentry","category-brasil-mundo","category-ultima-hora"],"_links":{"self":[{"href":"https:\/\/diarioregionaldigital.com.br\/index.php?rest_route=\/wp\/v2\/posts\/108547","targetHints":{"allow":["GET"]}}],"collection":[{"href":"https:\/\/diarioregionaldigital.com.br\/index.php?rest_route=\/wp\/v2\/posts"}],"about":[{"href":"https:\/\/diarioregionaldigital.com.br\/index.php?rest_route=\/wp\/v2\/types\/post"}],"author":[{"embeddable":true,"href":"https:\/\/diarioregionaldigital.com.br\/index.php?rest_route=\/wp\/v2\/users\/96"}],"replies":[{"embeddable":true,"href":"https:\/\/diarioregionaldigital.com.br\/index.php?rest_route=%2Fwp%2Fv2%2Fcomments&post=108547"}],"version-history":[{"count":0,"href":"https:\/\/diarioregionaldigital.com.br\/index.php?rest_route=\/wp\/v2\/posts\/108547\/revisions"}],"wp:featuredmedia":[{"embeddable":true,"href":"https:\/\/diarioregionaldigital.com.br\/index.php?rest_route=\/wp\/v2\/media\/97709"}],"wp:attachment":[{"href":"https:\/\/diarioregionaldigital.com.br\/index.php?rest_route=%2Fwp%2Fv2%2Fmedia&parent=108547"}],"wp:term":[{"taxonomy":"category","embeddable":true,"href":"https:\/\/diarioregionaldigital.com.br\/index.php?rest_route=%2Fwp%2Fv2%2Fcategories&post=108547"},{"taxonomy":"post_tag","embeddable":true,"href":"https:\/\/diarioregionaldigital.com.br\/index.php?rest_route=%2Fwp%2Fv2%2Ftags&post=108547"}],"curies":[{"name":"wp","href":"https:\/\/api.w.org\/{rel}","templated":true}]}}