{"id":108544,"date":"2018-06-20T09:29:12","date_gmt":"2018-06-20T12:29:12","guid":{"rendered":"http:\/\/diarioregionaljf.com.br\/?p=108544"},"modified":"2018-06-20T09:29:53","modified_gmt":"2018-06-20T12:29:53","slug":"rosa-weber-e-eleita-presidente-do-tse","status":"publish","type":"post","link":"https:\/\/diarioregionaldigital.com.br\/?p=108544","title":{"rendered":"Rosa Weber \u00e9 eleita presidente do TSE"},"content":{"rendered":"<p>O plen\u00e1rio do Tribunal Superior Eleitoral (TSE) elegeu nessa ter\u00e7a-feira, 19, a ministra Rosa Weber para ocupar a presid\u00eancia da Corte. A ministra j\u00e1 faz parte do tribunal e vai suceder Luiz Fux no comando da Corte em agosto, quando Fux deixar\u00e1 o posto ap\u00f3s dois anos no cargo.<\/p>\n<p>Rosa Weber, que tamb\u00e9m \u00e9 ministra do Supremo Tribunal Federal (STF), vai presidir as elei\u00e7\u00f5es de outubro e dever\u00e1 ficar no cargo at\u00e9 maio de 2020 .&#8221;Eu sei da enorme responsabilidade que me aguarda neste ano de 2018, em que o pa\u00eds se encontra em meio a uma disputa t\u00e3o acirrada, com tantas divis\u00f5es\u201d, disse a ministra ap\u00f3s a vota\u00e7\u00e3o.<\/p>\n<p>A ministra nasceu em Porto Alegre e fez carreira como magistrada da Justi\u00e7a do Trabalho. O TSE \u00e9 composto por sete ministros. A presid\u00eancia \u00e9 ocupada por ordem de antiguidade entre os tr\u00eas ministros do STF que tamb\u00e9m comp\u00f5em o tribunal eleitoral. Dois ministros oriundos do Superior Tribunal de Justi\u00e7a (STJ) e dois membros da advocacia completam a composi\u00e7\u00e3o do TSE.<\/p>\n<p>&nbsp;<\/p>\n<p>Fonte: Ag\u00eancia Brasil<\/p>\n","protected":false},"excerpt":{"rendered":"<p>O plen\u00e1rio do Tribunal Superior Eleitoral (TSE) elegeu nessa ter\u00e7a-feira, 19, a ministra Rosa Weber para ocupar a presid\u00eancia da Corte. A ministra j\u00e1 faz parte do tribunal e vai suceder Luiz Fux no comando da Corte em agosto, quando Fux deixar\u00e1 o posto ap\u00f3s dois anos no cargo. Rosa Weber, que tamb\u00e9m \u00e9 ministra [&hellip;]<\/p>\n","protected":false},"author":96,"featured_media":108545,"comment_status":"closed","ping_status":"closed","sticky":false,"template":"","format":"standard","meta":{"footnotes":""},"categories":[254,439],"tags":[],"class_list":["post-108544","post","type-post","status-publish","format-standard","has-post-thumbnail","hentry","category-politica","category-ultima-hora"],"_links":{"self":[{"href":"https:\/\/diarioregionaldigital.com.br\/index.php?rest_route=\/wp\/v2\/posts\/108544","targetHints":{"allow":["GET"]}}],"collection":[{"href":"https:\/\/diarioregionaldigital.com.br\/index.php?rest_route=\/wp\/v2\/posts"}],"about":[{"href":"https:\/\/diarioregionaldigital.com.br\/index.php?rest_route=\/wp\/v2\/types\/post"}],"author":[{"embeddable":true,"href":"https:\/\/diarioregionaldigital.com.br\/index.php?rest_route=\/wp\/v2\/users\/96"}],"replies":[{"embeddable":true,"href":"https:\/\/diarioregionaldigital.com.br\/index.php?rest_route=%2Fwp%2Fv2%2Fcomments&post=108544"}],"version-history":[{"count":0,"href":"https:\/\/diarioregionaldigital.com.br\/index.php?rest_route=\/wp\/v2\/posts\/108544\/revisions"}],"wp:featuredmedia":[{"embeddable":true,"href":"https:\/\/diarioregionaldigital.com.br\/index.php?rest_route=\/wp\/v2\/media\/108545"}],"wp:attachment":[{"href":"https:\/\/diarioregionaldigital.com.br\/index.php?rest_route=%2Fwp%2Fv2%2Fmedia&parent=108544"}],"wp:term":[{"taxonomy":"category","embeddable":true,"href":"https:\/\/diarioregionaldigital.com.br\/index.php?rest_route=%2Fwp%2Fv2%2Fcategories&post=108544"},{"taxonomy":"post_tag","embeddable":true,"href":"https:\/\/diarioregionaldigital.com.br\/index.php?rest_route=%2Fwp%2Fv2%2Ftags&post=108544"}],"curies":[{"name":"wp","href":"https:\/\/api.w.org\/{rel}","templated":true}]}}