{"id":108542,"date":"2018-06-20T09:13:26","date_gmt":"2018-06-20T12:13:26","guid":{"rendered":"http:\/\/diarioregionaljf.com.br\/?p=108542"},"modified":"2018-06-20T09:14:18","modified_gmt":"2018-06-20T12:14:18","slug":"assaltantes-armados-roubam-r35-mil-no-alto-dos-passos","status":"publish","type":"post","link":"https:\/\/diarioregionaldigital.com.br\/?p=108542","title":{"rendered":"Assaltantes armados roubam R$3,5 mil no Alto dos Passos"},"content":{"rendered":"<p>Um rapaz de 26 anos e dois homens de 59 tiveram R$3,5 mil roubados por dois assaltantes, um deles portando uma arma de fogo, no bairro Alto dos Passos, zona Sul, na noite dessa ter\u00e7a-feira, 19.<\/p>\n<p>Conforme o Boletim de Ocorr\u00eancia (BO) da Pol\u00edcia Militar (PM), as v\u00edtimas estavam no interior de um ve\u00edculo na Rua 21 de Abril quando foram abordadas pelos autores. A dupla roubou uma pasta contendo R$2,5 mil em dinheiro e um cheque no valor de R$1 mil, al\u00e9m de tr\u00eas celulares, um molho de chaves e documentos diversos.<\/p>\n<p>Ap\u00f3s o crime, os assaltantes fugiram.<\/p>\n<p>&nbsp;<\/p>\n<p><span style=\"font-size: 12pt;\"><strong>CENTRO<\/strong><\/span><\/p>\n<p>Na Avenida Bar\u00e3o do Rio Branco, regi\u00e3o central, um adolescente de 14 anos teve o celular roubado no final da tarde dessa ter\u00e7a-feira, 19. A v\u00edtima relatou \u00e0 PM que transitava pelo local quando foi abordada por um indiv\u00edduo armado com faca.<\/p>\n<p>Depois de roubar o celular do menor, o assaltante fugiu em rumo ignorado.<\/p>\n","protected":false},"excerpt":{"rendered":"<p>Um rapaz de 26 anos e dois homens de 59 tiveram R$3,5 mil roubados por dois assaltantes, um deles portando uma arma de fogo, no bairro Alto dos Passos, zona Sul, na noite dessa ter\u00e7a-feira, 19. Conforme o Boletim de Ocorr\u00eancia (BO) da Pol\u00edcia Militar (PM), as v\u00edtimas estavam no interior de um ve\u00edculo na [&hellip;]<\/p>\n","protected":false},"author":96,"featured_media":95836,"comment_status":"closed","ping_status":"closed","sticky":false,"template":"","format":"standard","meta":{"footnotes":""},"categories":[301,439],"tags":[],"class_list":["post-108542","post","type-post","status-publish","format-standard","has-post-thumbnail","hentry","category-artigos-policiais","category-ultima-hora"],"_links":{"self":[{"href":"https:\/\/diarioregionaldigital.com.br\/index.php?rest_route=\/wp\/v2\/posts\/108542","targetHints":{"allow":["GET"]}}],"collection":[{"href":"https:\/\/diarioregionaldigital.com.br\/index.php?rest_route=\/wp\/v2\/posts"}],"about":[{"href":"https:\/\/diarioregionaldigital.com.br\/index.php?rest_route=\/wp\/v2\/types\/post"}],"author":[{"embeddable":true,"href":"https:\/\/diarioregionaldigital.com.br\/index.php?rest_route=\/wp\/v2\/users\/96"}],"replies":[{"embeddable":true,"href":"https:\/\/diarioregionaldigital.com.br\/index.php?rest_route=%2Fwp%2Fv2%2Fcomments&post=108542"}],"version-history":[{"count":0,"href":"https:\/\/diarioregionaldigital.com.br\/index.php?rest_route=\/wp\/v2\/posts\/108542\/revisions"}],"wp:featuredmedia":[{"embeddable":true,"href":"https:\/\/diarioregionaldigital.com.br\/index.php?rest_route=\/wp\/v2\/media\/95836"}],"wp:attachment":[{"href":"https:\/\/diarioregionaldigital.com.br\/index.php?rest_route=%2Fwp%2Fv2%2Fmedia&parent=108542"}],"wp:term":[{"taxonomy":"category","embeddable":true,"href":"https:\/\/diarioregionaldigital.com.br\/index.php?rest_route=%2Fwp%2Fv2%2Fcategories&post=108542"},{"taxonomy":"post_tag","embeddable":true,"href":"https:\/\/diarioregionaldigital.com.br\/index.php?rest_route=%2Fwp%2Fv2%2Ftags&post=108542"}],"curies":[{"name":"wp","href":"https:\/\/api.w.org\/{rel}","templated":true}]}}