{"id":108530,"date":"2018-06-20T07:47:15","date_gmt":"2018-06-20T10:47:15","guid":{"rendered":"http:\/\/diarioregionaljf.com.br\/?p=108530"},"modified":"2018-06-20T07:49:00","modified_gmt":"2018-06-20T10:49:00","slug":"fiemg-regional-zona-da-mata-recebe-empresario-romeu-zema-para-palestra","status":"publish","type":"post","link":"https:\/\/diarioregionaldigital.com.br\/?p=108530","title":{"rendered":"FIEMG Regional Zona da Mata recebe empres\u00e1rio Romeu Zema para palestra"},"content":{"rendered":"<p>O empres\u00e1rio Romeu Zema estar\u00e1 em Juiz de Fora nesta quinta-feira, 21, para participar de mais uma edi\u00e7\u00e3o do F\u00f3rum de Desenvolvimento Econ\u00f4mico de Juiz de Fora. Durante o evento, que ser\u00e1 realizado na FIEMG Regional Zona da Mata, a partir das 17h, o empres\u00e1rio apresentar\u00e1 a palestra \u201cEfici\u00eancia na Gest\u00e3o em Minas Gerais\u201d. Ao final, o espa\u00e7o ser\u00e1 aberto para perguntas do p\u00fablico presente.<\/p>\n<p>Romeu Zema \u00e9 gestor e membro do Conselho Administrativo do Grupo Zema, que gera mais de 5 mil empregos e tem um faturamento anual de R$4 bilh\u00f5es.\u00a0A empresa de 95 anos atua de maneira mais intensa no setor de varejo de eletrodom\u00e9sticos, estando presente em cerca de 460 cidades mineiras, e na distribui\u00e7\u00e3o de combust\u00edveis.<\/p>\n<p>O F\u00f3rum de Desenvolvimento Econ\u00f4mico, que conta com o apoio da FIEMG Regional Zona da Mata, \u00e9 uma iniciativa do empres\u00e1rio Jo\u00e3o Matos, que ocupou o cargo de secret\u00e1rio de Desenvolvimento Econ\u00f4mico, Trabalho e Turismo na Prefeitura Municipal, entre abril de 2016 e 2018. O evento contar\u00e1 com a presen\u00e7a de lideran\u00e7as pol\u00edticas e empresariais, como o presidente da FIEMG Regional Zona da Mata, Aur\u00e9lio Marangon Sobrinho, e o presidente do Centro Industrial de Juiz de Fora, Tadeu Monteiro.<\/p>\n<p>O encontro \u00e9 gratuito e ser\u00e1 aberto ao p\u00fablico, sujeito \u00e0 lota\u00e7\u00e3o do espa\u00e7o. A sede da FIEMG Regional Zona da Mata fica na Avenida Garcia Rodrigues Paes, n\u00ba 12.395, Bairro Industrial, em Juiz de Fora.<\/p>\n<p>&nbsp;<\/p>\n<p>Fonte: Assessoria<\/p>\n","protected":false},"excerpt":{"rendered":"<p>O empres\u00e1rio Romeu Zema estar\u00e1 em Juiz de Fora nesta quinta-feira, 21, para participar de mais uma edi\u00e7\u00e3o do F\u00f3rum de Desenvolvimento Econ\u00f4mico de Juiz de Fora. Durante o evento, que ser\u00e1 realizado na FIEMG Regional Zona da Mata, a partir das 17h, o empres\u00e1rio apresentar\u00e1 a palestra \u201cEfici\u00eancia na Gest\u00e3o em Minas Gerais\u201d. Ao [&hellip;]<\/p>\n","protected":false},"author":96,"featured_media":105098,"comment_status":"closed","ping_status":"closed","sticky":false,"template":"","format":"standard","meta":{"footnotes":""},"categories":[253,439],"tags":[],"class_list":["post-108530","post","type-post","status-publish","format-standard","has-post-thumbnail","hentry","category-cidade","category-ultima-hora"],"_links":{"self":[{"href":"https:\/\/diarioregionaldigital.com.br\/index.php?rest_route=\/wp\/v2\/posts\/108530","targetHints":{"allow":["GET"]}}],"collection":[{"href":"https:\/\/diarioregionaldigital.com.br\/index.php?rest_route=\/wp\/v2\/posts"}],"about":[{"href":"https:\/\/diarioregionaldigital.com.br\/index.php?rest_route=\/wp\/v2\/types\/post"}],"author":[{"embeddable":true,"href":"https:\/\/diarioregionaldigital.com.br\/index.php?rest_route=\/wp\/v2\/users\/96"}],"replies":[{"embeddable":true,"href":"https:\/\/diarioregionaldigital.com.br\/index.php?rest_route=%2Fwp%2Fv2%2Fcomments&post=108530"}],"version-history":[{"count":0,"href":"https:\/\/diarioregionaldigital.com.br\/index.php?rest_route=\/wp\/v2\/posts\/108530\/revisions"}],"wp:featuredmedia":[{"embeddable":true,"href":"https:\/\/diarioregionaldigital.com.br\/index.php?rest_route=\/wp\/v2\/media\/105098"}],"wp:attachment":[{"href":"https:\/\/diarioregionaldigital.com.br\/index.php?rest_route=%2Fwp%2Fv2%2Fmedia&parent=108530"}],"wp:term":[{"taxonomy":"category","embeddable":true,"href":"https:\/\/diarioregionaldigital.com.br\/index.php?rest_route=%2Fwp%2Fv2%2Fcategories&post=108530"},{"taxonomy":"post_tag","embeddable":true,"href":"https:\/\/diarioregionaldigital.com.br\/index.php?rest_route=%2Fwp%2Fv2%2Ftags&post=108530"}],"curies":[{"name":"wp","href":"https:\/\/api.w.org\/{rel}","templated":true}]}}