{"id":108455,"date":"2018-06-19T18:38:49","date_gmt":"2018-06-19T21:38:49","guid":{"rendered":"http:\/\/diarioregionaljf.com.br\/?p=108455"},"modified":"2018-06-19T18:42:30","modified_gmt":"2018-06-19T21:42:30","slug":"tcu-vai-investigar-se-cobranca-de-bagagem-barateou-passagens-aereas","status":"publish","type":"post","link":"https:\/\/diarioregionaldigital.com.br\/?p=108455","title":{"rendered":"TCU vai investigar se cobran\u00e7a de bagagem barateou passagens a\u00e9reas"},"content":{"rendered":"<p>O Tribunal de Contas da Uni\u00e3o (TCU) abriu uma auditoria de conformidade para verificar se a cobran\u00e7a em separado de bagagem reduziu, de fato, o pre\u00e7o das passagens a\u00e9reas no Brasil. O valor cobrado \u00e0 parte pelo despacho das malas, em voos dom\u00e9sticos,\u00a0foi autorizado pela Ag\u00eancia Nacional de Avia\u00e7\u00e3o Civil\u00a0(Anac), por meio de resolu\u00e7\u00e3o, em dezembro de 2016, e aplicada a partir de abril de 2017.<\/p>\n<p>Na \u00e9poca, o principal argumento das companhias a\u00e9reas foi que, com a cobran\u00e7a em separado pela franquia de bagagens, o pre\u00e7o dos bilhetes cairia para quem n\u00e3o optasse pelo servi\u00e7o. O relator do caso no tribunal ser\u00e1 o ministro Bruno Dantas. O TCU n\u00e3o informou a previs\u00e3o para a conclus\u00e3o da auditoria, aberta na semana passada.<\/p>\n<p>\u201cTrata-se de um trabalho relevante para a sociedade brasileira, especialmente para os usu\u00e1rios do transporte a\u00e9reo em nosso pa\u00eds, inclusive para que sejam esclarecidos os diversos fatores que influenciam nos pre\u00e7os das passagens a\u00e9reas\u201d, destacou, em comunicado, o presidente do TCU, ministro Raimundo Carreiro. Ele tamb\u00e9m ressaltou que a abertura da auditoria atende a uma solicita\u00e7\u00e3o da Comiss\u00e3o de Defesa do Consumidor da C\u00e2mara dos Deputados.<\/p>\n<p>Procuradas pela\u00a0Ag\u00eancia Brasil\u00a0para comentar a iniciativa do TCU, a Anac e a Associa\u00e7\u00e3o Brasileira das Empresas A\u00e9reas (Abear) n\u00e3o haviam respondido at\u00e9 o fechamento da mat\u00e9ria.<\/p>\n<p>Fonte: Ag\u00eancia Brasil<\/p>\n","protected":false},"excerpt":{"rendered":"<p>O Tribunal de Contas da Uni\u00e3o (TCU) abriu uma auditoria de conformidade para verificar se a cobran\u00e7a em separado de bagagem reduziu, de fato, o pre\u00e7o das passagens a\u00e9reas no Brasil. O valor cobrado \u00e0 parte pelo despacho das malas, em voos dom\u00e9sticos,\u00a0foi autorizado pela Ag\u00eancia Nacional de Avia\u00e7\u00e3o Civil\u00a0(Anac), por meio de resolu\u00e7\u00e3o, em [&hellip;]<\/p>\n","protected":false},"author":96,"featured_media":108471,"comment_status":"closed","ping_status":"closed","sticky":false,"template":"","format":"standard","meta":{"footnotes":""},"categories":[440,261,439],"tags":[],"class_list":["post-108455","post","type-post","status-publish","format-standard","has-post-thumbnail","hentry","category-destaques-do-dia","category-economia","category-ultima-hora"],"_links":{"self":[{"href":"https:\/\/diarioregionaldigital.com.br\/index.php?rest_route=\/wp\/v2\/posts\/108455","targetHints":{"allow":["GET"]}}],"collection":[{"href":"https:\/\/diarioregionaldigital.com.br\/index.php?rest_route=\/wp\/v2\/posts"}],"about":[{"href":"https:\/\/diarioregionaldigital.com.br\/index.php?rest_route=\/wp\/v2\/types\/post"}],"author":[{"embeddable":true,"href":"https:\/\/diarioregionaldigital.com.br\/index.php?rest_route=\/wp\/v2\/users\/96"}],"replies":[{"embeddable":true,"href":"https:\/\/diarioregionaldigital.com.br\/index.php?rest_route=%2Fwp%2Fv2%2Fcomments&post=108455"}],"version-history":[{"count":0,"href":"https:\/\/diarioregionaldigital.com.br\/index.php?rest_route=\/wp\/v2\/posts\/108455\/revisions"}],"wp:featuredmedia":[{"embeddable":true,"href":"https:\/\/diarioregionaldigital.com.br\/index.php?rest_route=\/wp\/v2\/media\/108471"}],"wp:attachment":[{"href":"https:\/\/diarioregionaldigital.com.br\/index.php?rest_route=%2Fwp%2Fv2%2Fmedia&parent=108455"}],"wp:term":[{"taxonomy":"category","embeddable":true,"href":"https:\/\/diarioregionaldigital.com.br\/index.php?rest_route=%2Fwp%2Fv2%2Fcategories&post=108455"},{"taxonomy":"post_tag","embeddable":true,"href":"https:\/\/diarioregionaldigital.com.br\/index.php?rest_route=%2Fwp%2Fv2%2Ftags&post=108455"}],"curies":[{"name":"wp","href":"https:\/\/api.w.org\/{rel}","templated":true}]}}