{"id":108452,"date":"2018-06-19T18:05:06","date_gmt":"2018-06-19T21:05:06","guid":{"rendered":"http:\/\/diarioregionaljf.com.br\/?p=108452"},"modified":"2018-06-19T18:05:06","modified_gmt":"2018-06-19T21:05:06","slug":"cnc-diz-que-intencao-de-consumo-das-familias-cai-05-de-maio-para-junho","status":"publish","type":"post","link":"https:\/\/diarioregionaldigital.com.br\/?p=108452","title":{"rendered":"CNC diz que inten\u00e7\u00e3o de Consumo das Fam\u00edlias cai 0,5% de maio para junho"},"content":{"rendered":"<p>A Inten\u00e7\u00e3o de Consumo das Fam\u00edlias (ICF) recuou 0,5% de maio para junho deste ano, segundo dados divulgados nessa ter\u00e7a-feira, 19, pela Confedera\u00e7\u00e3o Nacional do Com\u00e9rcio de Bens, Servi\u00e7os e Turismo (CNC). Com a queda, o indicador alcan\u00e7ou 86,7 pontos em uma escala de zero a 200 pontos.<\/p>\n<p>H\u00e1 38 meses, o indicador est\u00e1 abaixo do patamar dos 100 pontos, o que demonstra insatisfa\u00e7\u00e3o persistente das fam\u00edlias em rela\u00e7\u00e3o \u00e0s condi\u00e7\u00f5es de consumo. Na compara\u00e7\u00e3o com junho de 2017, no entanto, foi registrada uma alta de 12,4%.<\/p>\n<p>Segundo o economista da CNC, Antonio Everton Chaves Junior, as perspectivas de consumo das fam\u00edlias foram afetadas pelas \u201cperturba\u00e7\u00f5es na economia com a greve dos caminhoneiros, a escassez na distribui\u00e7\u00e3o de produtos e a disparada do d\u00f3lar\u201d.<\/p>\n<p>Na compara\u00e7\u00e3o com maio deste ano, houve quedas em cinco dos sete componentes do indicador, com destaque para a perspectiva de consumo (2,5%) e para o momento ser considerado adequado para a compra de bens dur\u00e1veis (1,1%). Apenas dois componentes tiveram alta: as avalia\u00e7\u00f5es sobre o emprego atual (0,5%) e sobre a renda atual (0,2%).<\/p>\n<p>Por outro lado, na compara\u00e7\u00e3o com junho do ano passado, todos os componentes tiveram alta, em especial perspectiva de consumo (20,5%) e n\u00edvel de consumo atual (19,9%).<\/p>\n<p>Fonte: Ag\u00eancia Brasil<\/p>\n","protected":false},"excerpt":{"rendered":"<p>A Inten\u00e7\u00e3o de Consumo das Fam\u00edlias (ICF) recuou 0,5% de maio para junho deste ano, segundo dados divulgados nessa ter\u00e7a-feira, 19, pela Confedera\u00e7\u00e3o Nacional do Com\u00e9rcio de Bens, Servi\u00e7os e Turismo (CNC). Com a queda, o indicador alcan\u00e7ou 86,7 pontos em uma escala de zero a 200 pontos. H\u00e1 38 meses, o indicador est\u00e1 abaixo [&hellip;]<\/p>\n","protected":false},"author":96,"featured_media":108453,"comment_status":"closed","ping_status":"closed","sticky":false,"template":"","format":"standard","meta":{"footnotes":""},"categories":[261,439],"tags":[],"class_list":["post-108452","post","type-post","status-publish","format-standard","has-post-thumbnail","hentry","category-economia","category-ultima-hora"],"_links":{"self":[{"href":"https:\/\/diarioregionaldigital.com.br\/index.php?rest_route=\/wp\/v2\/posts\/108452","targetHints":{"allow":["GET"]}}],"collection":[{"href":"https:\/\/diarioregionaldigital.com.br\/index.php?rest_route=\/wp\/v2\/posts"}],"about":[{"href":"https:\/\/diarioregionaldigital.com.br\/index.php?rest_route=\/wp\/v2\/types\/post"}],"author":[{"embeddable":true,"href":"https:\/\/diarioregionaldigital.com.br\/index.php?rest_route=\/wp\/v2\/users\/96"}],"replies":[{"embeddable":true,"href":"https:\/\/diarioregionaldigital.com.br\/index.php?rest_route=%2Fwp%2Fv2%2Fcomments&post=108452"}],"version-history":[{"count":0,"href":"https:\/\/diarioregionaldigital.com.br\/index.php?rest_route=\/wp\/v2\/posts\/108452\/revisions"}],"wp:featuredmedia":[{"embeddable":true,"href":"https:\/\/diarioregionaldigital.com.br\/index.php?rest_route=\/wp\/v2\/media\/108453"}],"wp:attachment":[{"href":"https:\/\/diarioregionaldigital.com.br\/index.php?rest_route=%2Fwp%2Fv2%2Fmedia&parent=108452"}],"wp:term":[{"taxonomy":"category","embeddable":true,"href":"https:\/\/diarioregionaldigital.com.br\/index.php?rest_route=%2Fwp%2Fv2%2Fcategories&post=108452"},{"taxonomy":"post_tag","embeddable":true,"href":"https:\/\/diarioregionaldigital.com.br\/index.php?rest_route=%2Fwp%2Fv2%2Ftags&post=108452"}],"curies":[{"name":"wp","href":"https:\/\/api.w.org\/{rel}","templated":true}]}}