{"id":108430,"date":"2018-06-19T11:52:28","date_gmt":"2018-06-19T14:52:28","guid":{"rendered":"http:\/\/diarioregionaljf.com.br\/?p=108430"},"modified":"2018-06-19T11:52:28","modified_gmt":"2018-06-19T14:52:28","slug":"duas-pessoas-ficam-feridas-apos-automovel-atropelar-cavalo-na-br-356-em-muriae","status":"publish","type":"post","link":"https:\/\/diarioregionaldigital.com.br\/?p=108430","title":{"rendered":"Duas pessoas ficam feridas ap\u00f3s autom\u00f3vel atropelar cavalo na BR-356 em Muria\u00e9"},"content":{"rendered":"<p>O condutor do ve\u00edculo e sua esposa foram socorridos pelo SAMU e Unidade de Resgate dos Bombeiros e encaminhados com ferimentos leves para o Hospital S\u00e3o Paulo em Muria\u00e9. O cavalo morreu.<\/p>\n<p>Segundo o condutor, ele perdeu o controle da dire\u00e7\u00e3o quando o animal atravessou a pista repentinamente, vindo a colidir com um barranco e capotar.<\/p>\n<p>O condutor n\u00e3o \u00e9 habilitado e o documento do ve\u00edculo encontra-se atrasado desde 2011 o que provocou o guinchamento do autom\u00f3vel para um p\u00e1tio credenciado junto ao DETRAN e a condu\u00e7\u00e3o do homem para a delegacia de Pol\u00edcia Civil, no bairro Safira ap\u00f3s ser atendido no hospital.<\/p>\n<p>&nbsp;<\/p>\n<p>Fonte: R\u00e1dio Muria\u00e9<\/p>\n","protected":false},"excerpt":{"rendered":"<p>O condutor do ve\u00edculo e sua esposa foram socorridos pelo SAMU e Unidade de Resgate dos Bombeiros e encaminhados com ferimentos leves para o Hospital S\u00e3o Paulo em Muria\u00e9. O cavalo morreu. Segundo o condutor, ele perdeu o controle da dire\u00e7\u00e3o quando o animal atravessou a pista repentinamente, vindo a colidir com um barranco e [&hellip;]<\/p>\n","protected":false},"author":96,"featured_media":108431,"comment_status":"closed","ping_status":"closed","sticky":false,"template":"","format":"standard","meta":{"footnotes":""},"categories":[252],"tags":[],"class_list":["post-108430","post","type-post","status-publish","format-standard","has-post-thumbnail","hentry","category-regiao"],"_links":{"self":[{"href":"https:\/\/diarioregionaldigital.com.br\/index.php?rest_route=\/wp\/v2\/posts\/108430","targetHints":{"allow":["GET"]}}],"collection":[{"href":"https:\/\/diarioregionaldigital.com.br\/index.php?rest_route=\/wp\/v2\/posts"}],"about":[{"href":"https:\/\/diarioregionaldigital.com.br\/index.php?rest_route=\/wp\/v2\/types\/post"}],"author":[{"embeddable":true,"href":"https:\/\/diarioregionaldigital.com.br\/index.php?rest_route=\/wp\/v2\/users\/96"}],"replies":[{"embeddable":true,"href":"https:\/\/diarioregionaldigital.com.br\/index.php?rest_route=%2Fwp%2Fv2%2Fcomments&post=108430"}],"version-history":[{"count":0,"href":"https:\/\/diarioregionaldigital.com.br\/index.php?rest_route=\/wp\/v2\/posts\/108430\/revisions"}],"wp:featuredmedia":[{"embeddable":true,"href":"https:\/\/diarioregionaldigital.com.br\/index.php?rest_route=\/wp\/v2\/media\/108431"}],"wp:attachment":[{"href":"https:\/\/diarioregionaldigital.com.br\/index.php?rest_route=%2Fwp%2Fv2%2Fmedia&parent=108430"}],"wp:term":[{"taxonomy":"category","embeddable":true,"href":"https:\/\/diarioregionaldigital.com.br\/index.php?rest_route=%2Fwp%2Fv2%2Fcategories&post=108430"},{"taxonomy":"post_tag","embeddable":true,"href":"https:\/\/diarioregionaldigital.com.br\/index.php?rest_route=%2Fwp%2Fv2%2Ftags&post=108430"}],"curies":[{"name":"wp","href":"https:\/\/api.w.org\/{rel}","templated":true}]}}