{"id":108427,"date":"2018-06-19T11:30:51","date_gmt":"2018-06-19T14:30:51","guid":{"rendered":"http:\/\/diarioregionaljf.com.br\/?p=108427"},"modified":"2018-06-19T12:23:06","modified_gmt":"2018-06-19T15:23:06","slug":"prouni-oferece-174-mil-vagas-inscricoes-comecam-dia-26","status":"publish","type":"post","link":"https:\/\/diarioregionaldigital.com.br\/?p=108427","title":{"rendered":"ProUni oferece 174 mil vagas; inscri\u00e7\u00f5es come\u00e7am dia 26"},"content":{"rendered":"<p>Estudantes que quiserem concorrer a bolsas de estudo no ensino superior poder\u00e3o se inscrever no Programa Universidade para Todos (ProUni) entre os dias 26 e 29. As bolsas s\u00e3o para o segundo semestre.<\/p>\n<p>De acordo com o Minist\u00e9rio da Educa\u00e7\u00e3o (MEC), o programa vai ofertar 174.289 vagas, sendo 68.884 bolsas integrais e 105.405 parciais, em 1.460 institui\u00e7\u00f5es de ensino superior privadas. As inscri\u00e7\u00f5es devem ser feitas na <a href=\"http:\/\/prouniportal.mec.gov.br\/\" target=\"_blank\" rel=\"noopener\">p\u00e1gina do ProUni<\/a>, na internet.<\/p>\n<p>Para se candidatar, \u00e9 preciso ter feito o Exame Nacional do Ensino M\u00e9dio (Enem) de 2017, ter alcan\u00e7ado no m\u00ednimo 450 pontos e ter tido nota superior a zero na reda\u00e7\u00e3o.<\/p>\n<p>Al\u00e9m disso, s\u00f3 podem participar alunos brasileiros sem curso superior e que tenham cursado o ensino m\u00e9dio completo na rede p\u00fablica ou como bolsista integral na rede privada. Alunos que fizeram parte do ensino m\u00e9dio na rede p\u00fablica e a outra parte na rede privada na condi\u00e7\u00e3o de bolsista ou que sejam deficientes f\u00edsicos ou professores da rede p\u00fablica tamb\u00e9m podem solicitar uma bolsa.<\/p>\n<p>O candidato que quiser uma bolsa integral deve ter uma renda familiar per capita de at\u00e9 um sal\u00e1rio m\u00ednimo e meio. As bolsas parciais de 50% s\u00e3o destinadas aos alunos que t\u00eam uma renda familiar per capita de at\u00e9 tr\u00eas sal\u00e1rios m\u00ednimos. Quem conseguir uma bolsa parcial, e n\u00e3o tiver condi\u00e7\u00f5es financeiras de arcar com a outra metade do valor da mensalidade, pode utilizar o Fundo de Financiamento Estudantil (Fies).<\/p>\n<p>Os resultados com a lista dos candidatos pr\u00e9-selecionados estar\u00e3o dispon\u00edveis na p\u00e1gina do ProUni na internet, a partir do dia 2 de julho para a primeira chamada, e 16 de julho para a segunda.<\/p>\n","protected":false},"excerpt":{"rendered":"<p>Estudantes que quiserem concorrer a bolsas de estudo no ensino superior poder\u00e3o se inscrever no Programa Universidade para Todos (ProUni) entre os dias 26 e 29. As bolsas s\u00e3o para o segundo semestre. De acordo com o Minist\u00e9rio da Educa\u00e7\u00e3o (MEC), o programa vai ofertar 174.289 vagas, sendo 68.884 bolsas integrais e 105.405 parciais, em [&hellip;]<\/p>\n","protected":false},"author":96,"featured_media":108428,"comment_status":"closed","ping_status":"closed","sticky":false,"template":"","format":"standard","meta":{"footnotes":""},"categories":[302,440,439],"tags":[],"class_list":["post-108427","post","type-post","status-publish","format-standard","has-post-thumbnail","hentry","category-brasil-mundo","category-destaques-do-dia","category-ultima-hora"],"_links":{"self":[{"href":"https:\/\/diarioregionaldigital.com.br\/index.php?rest_route=\/wp\/v2\/posts\/108427","targetHints":{"allow":["GET"]}}],"collection":[{"href":"https:\/\/diarioregionaldigital.com.br\/index.php?rest_route=\/wp\/v2\/posts"}],"about":[{"href":"https:\/\/diarioregionaldigital.com.br\/index.php?rest_route=\/wp\/v2\/types\/post"}],"author":[{"embeddable":true,"href":"https:\/\/diarioregionaldigital.com.br\/index.php?rest_route=\/wp\/v2\/users\/96"}],"replies":[{"embeddable":true,"href":"https:\/\/diarioregionaldigital.com.br\/index.php?rest_route=%2Fwp%2Fv2%2Fcomments&post=108427"}],"version-history":[{"count":0,"href":"https:\/\/diarioregionaldigital.com.br\/index.php?rest_route=\/wp\/v2\/posts\/108427\/revisions"}],"wp:featuredmedia":[{"embeddable":true,"href":"https:\/\/diarioregionaldigital.com.br\/index.php?rest_route=\/wp\/v2\/media\/108428"}],"wp:attachment":[{"href":"https:\/\/diarioregionaldigital.com.br\/index.php?rest_route=%2Fwp%2Fv2%2Fmedia&parent=108427"}],"wp:term":[{"taxonomy":"category","embeddable":true,"href":"https:\/\/diarioregionaldigital.com.br\/index.php?rest_route=%2Fwp%2Fv2%2Fcategories&post=108427"},{"taxonomy":"post_tag","embeddable":true,"href":"https:\/\/diarioregionaldigital.com.br\/index.php?rest_route=%2Fwp%2Fv2%2Ftags&post=108427"}],"curies":[{"name":"wp","href":"https:\/\/api.w.org\/{rel}","templated":true}]}}