{"id":108422,"date":"2018-06-19T11:12:02","date_gmt":"2018-06-19T14:12:02","guid":{"rendered":"http:\/\/diarioregionaljf.com.br\/?p=108422"},"modified":"2018-06-19T11:16:56","modified_gmt":"2018-06-19T14:16:56","slug":"suspeito-da-morte-de-marielle-e-transferido-para-presidio-federal","status":"publish","type":"post","link":"https:\/\/diarioregionaldigital.com.br\/?p=108422","title":{"rendered":"Suspeito da morte de Marielle \u00e9 transferido para pres\u00eddio federal"},"content":{"rendered":"<p>Suspeito de envolvimento na morte da vereadora carioca Marielle Franco, o ex-policial militar Orlando Oliveira de Ara\u00fajo, conhecido como Orlando Curicica, deixou nessa manh\u00e3 de ter\u00e7a-feira, 19, a Penitenci\u00e1ria La\u00e9rcio da Costa Pelegrino (Bangu I). Ele foi transferido para o Pres\u00eddio Federal de Mossor\u00f3, no Rio Grande do Norte.<\/p>\n<p>A transfer\u00eancia foi determinada pelo ju\u00edzo da 5\u00aa Vara Criminal do Rio de Janeiro no dia 14 de maio, a pedido do Minist\u00e9rio P\u00fablico Estadual (MP). O MP alegou que a transfer\u00eancia \u00e9 de \u201cgrande relev\u00e2ncia para o interesse da seguran\u00e7a p\u00fablica\u201d.<\/p>\n<p>Em inqu\u00e9rito da Delegacia de Homic\u00eddios da Capital, Curicica figura como um dos suspeitos de mandar matar Marielle Franco, no dia 14 de mar\u00e7o, em uma rua do bairro do Est\u00e1cio, na zona norte da cidade do Rio de Janeiro. Ele tamb\u00e9m \u00e9 apontado pelo MP como principal l\u00edder do grupo criminoso conhecido como Mil\u00edcia de Jacarepagu\u00e1.<br \/>\nFonte: Ag\u00eancia Brasil<\/p>\n","protected":false},"excerpt":{"rendered":"<p>Suspeito de envolvimento na morte da vereadora carioca Marielle Franco, o ex-policial militar Orlando Oliveira de Ara\u00fajo, conhecido como Orlando Curicica, deixou nessa manh\u00e3 de ter\u00e7a-feira, 19, a Penitenci\u00e1ria La\u00e9rcio da Costa Pelegrino (Bangu I). Ele foi transferido para o Pres\u00eddio Federal de Mossor\u00f3, no Rio Grande do Norte. A transfer\u00eancia foi determinada pelo ju\u00edzo [&hellip;]<\/p>\n","protected":false},"author":96,"featured_media":108425,"comment_status":"closed","ping_status":"closed","sticky":false,"template":"","format":"standard","meta":{"footnotes":""},"categories":[302,439],"tags":[],"class_list":["post-108422","post","type-post","status-publish","format-standard","has-post-thumbnail","hentry","category-brasil-mundo","category-ultima-hora"],"_links":{"self":[{"href":"https:\/\/diarioregionaldigital.com.br\/index.php?rest_route=\/wp\/v2\/posts\/108422","targetHints":{"allow":["GET"]}}],"collection":[{"href":"https:\/\/diarioregionaldigital.com.br\/index.php?rest_route=\/wp\/v2\/posts"}],"about":[{"href":"https:\/\/diarioregionaldigital.com.br\/index.php?rest_route=\/wp\/v2\/types\/post"}],"author":[{"embeddable":true,"href":"https:\/\/diarioregionaldigital.com.br\/index.php?rest_route=\/wp\/v2\/users\/96"}],"replies":[{"embeddable":true,"href":"https:\/\/diarioregionaldigital.com.br\/index.php?rest_route=%2Fwp%2Fv2%2Fcomments&post=108422"}],"version-history":[{"count":0,"href":"https:\/\/diarioregionaldigital.com.br\/index.php?rest_route=\/wp\/v2\/posts\/108422\/revisions"}],"wp:featuredmedia":[{"embeddable":true,"href":"https:\/\/diarioregionaldigital.com.br\/index.php?rest_route=\/wp\/v2\/media\/108425"}],"wp:attachment":[{"href":"https:\/\/diarioregionaldigital.com.br\/index.php?rest_route=%2Fwp%2Fv2%2Fmedia&parent=108422"}],"wp:term":[{"taxonomy":"category","embeddable":true,"href":"https:\/\/diarioregionaldigital.com.br\/index.php?rest_route=%2Fwp%2Fv2%2Fcategories&post=108422"},{"taxonomy":"post_tag","embeddable":true,"href":"https:\/\/diarioregionaldigital.com.br\/index.php?rest_route=%2Fwp%2Fv2%2Ftags&post=108422"}],"curies":[{"name":"wp","href":"https:\/\/api.w.org\/{rel}","templated":true}]}}