{"id":108413,"date":"2018-06-19T10:33:34","date_gmt":"2018-06-19T13:33:34","guid":{"rendered":"http:\/\/diarioregionaljf.com.br\/?p=108413"},"modified":"2018-06-19T10:35:20","modified_gmt":"2018-06-19T13:35:20","slug":"transito-na-avenida-dos-andradas-e-liberado","status":"publish","type":"post","link":"https:\/\/diarioregionaldigital.com.br\/?p=108413","title":{"rendered":"Tr\u00e2nsito na Avenida dos Andradas \u00e9 liberado"},"content":{"rendered":"<p>&nbsp;<\/p>\n<p>De acordo com informa\u00e7\u00f5es da Secretaria de Transporte e Tr\u00e2nsito (Settra), o tr\u00e2nsito na Avenida dos Andradas, pr\u00f3ximo ao n\u00famero 626, no sentido Centro\/Bairro, foi normalizado.<\/p>\n<p><a href=\"http:\/\/diarioregionaljf.com.br\/2018\/06\/19\/transito-na-avenida-dos-andradas-e-interditado-para-obra-emergencial\/\" target=\"_blank\" rel=\"noopener\">Durante parte da manh\u00e3 desta ter\u00e7a-feira, 19, o trecho da via operou em pare\/siga por conta de uma obra\u00a0emergencial da Cesama<\/a>.<\/p>\n","protected":false},"excerpt":{"rendered":"<p>&nbsp; De acordo com informa\u00e7\u00f5es da Secretaria de Transporte e Tr\u00e2nsito (Settra), o tr\u00e2nsito na Avenida dos Andradas, pr\u00f3ximo ao n\u00famero 626, no sentido Centro\/Bairro, foi normalizado. Durante parte da manh\u00e3 desta ter\u00e7a-feira, 19, o trecho da via operou em pare\/siga por conta de uma obra\u00a0emergencial da Cesama.<\/p>\n","protected":false},"author":96,"featured_media":105098,"comment_status":"closed","ping_status":"closed","sticky":false,"template":"","format":"standard","meta":{"footnotes":""},"categories":[253,439],"tags":[],"class_list":["post-108413","post","type-post","status-publish","format-standard","has-post-thumbnail","hentry","category-cidade","category-ultima-hora"],"_links":{"self":[{"href":"https:\/\/diarioregionaldigital.com.br\/index.php?rest_route=\/wp\/v2\/posts\/108413","targetHints":{"allow":["GET"]}}],"collection":[{"href":"https:\/\/diarioregionaldigital.com.br\/index.php?rest_route=\/wp\/v2\/posts"}],"about":[{"href":"https:\/\/diarioregionaldigital.com.br\/index.php?rest_route=\/wp\/v2\/types\/post"}],"author":[{"embeddable":true,"href":"https:\/\/diarioregionaldigital.com.br\/index.php?rest_route=\/wp\/v2\/users\/96"}],"replies":[{"embeddable":true,"href":"https:\/\/diarioregionaldigital.com.br\/index.php?rest_route=%2Fwp%2Fv2%2Fcomments&post=108413"}],"version-history":[{"count":0,"href":"https:\/\/diarioregionaldigital.com.br\/index.php?rest_route=\/wp\/v2\/posts\/108413\/revisions"}],"wp:featuredmedia":[{"embeddable":true,"href":"https:\/\/diarioregionaldigital.com.br\/index.php?rest_route=\/wp\/v2\/media\/105098"}],"wp:attachment":[{"href":"https:\/\/diarioregionaldigital.com.br\/index.php?rest_route=%2Fwp%2Fv2%2Fmedia&parent=108413"}],"wp:term":[{"taxonomy":"category","embeddable":true,"href":"https:\/\/diarioregionaldigital.com.br\/index.php?rest_route=%2Fwp%2Fv2%2Fcategories&post=108413"},{"taxonomy":"post_tag","embeddable":true,"href":"https:\/\/diarioregionaldigital.com.br\/index.php?rest_route=%2Fwp%2Fv2%2Ftags&post=108413"}],"curies":[{"name":"wp","href":"https:\/\/api.w.org\/{rel}","templated":true}]}}