{"id":108271,"date":"2018-06-18T17:44:30","date_gmt":"2018-06-18T20:44:30","guid":{"rendered":"http:\/\/diarioregionaljf.com.br\/?p=108271"},"modified":"2018-06-18T17:44:30","modified_gmt":"2018-06-18T20:44:30","slug":"temer-defende-parceria-da-uniao-europeia-com-o-mercosul","status":"publish","type":"post","link":"https:\/\/diarioregionaldigital.com.br\/?p=108271","title":{"rendered":"Temer defende parceria da Uni\u00e3o Europeia com o Mercosul"},"content":{"rendered":"<p>Em discurso aos chefes de Estado na C\u00fapula do Mercosul, nesta segunda, 18, em Assun\u00e7\u00e3o (Paraguai), o presidente Michel Temer disse que o bloco\u00a0sul-americano\u00a0precisa avan\u00e7ar cada vez mais rumo \u00e0\u00a0inser\u00e7\u00e3o na economia global. Temer defendeu as negocia\u00e7\u00f5es para a finaliza\u00e7\u00e3o de um acordo entre o Mercosul e a Uni\u00e3o Europeia.<\/p>\n<p>\u201cNa frente das negocia\u00e7\u00f5es externas, nossa op\u00e7\u00e3o \u00e9 inequ\u00edvoca, mais e melhor abertura. No lugar de nos fecharmos entre n\u00f3s mesmos, atuamos em conjunto para inserir nossos pa\u00edses na economia global. Essa estrat\u00e9gia \u00e9 indispens\u00e1vel para a competitividade dos nossos produtos, para a gera\u00e7\u00e3o de emprego e renda para nossa gente\u201d, disse.<\/p>\n<p>Ao defender a alian\u00e7a entre o Mercosul e a Uni\u00e3o Europeia, que negociam um acordo de livre com\u00e9rcio, Temer lembrou que houve avan\u00e7os significativos nas negocia\u00e7\u00f5es nos \u00faltimos tempos. Antes dele, o presidente do Uruguai, Tabar\u00e9 V\u00e1zquez, demonstrou des\u00e2nimo com a demora na conclus\u00e3o de um acordo.<\/p>\n<h2>Alian\u00e7a<\/h2>\n<p>\u201cN\u00e3o devemos abandonar a ideia desta alian\u00e7a com o Mercosul, porque na premissa que levantei, segundo a qual nosso trabalho deve ser cada vez mais de abertura para o mundo, fechar essa porta agora significa impedir o caminho das negocia\u00e7\u00f5es que tem tido razo\u00e1vel sucesso\u201d, disse Michel Temer.O presidente tamb\u00e9m avaliou como positiva a aproxima\u00e7\u00e3o do Mercosul com a Alian\u00e7a do Pac\u00edfico (Chile, Col\u00f4mbia, Peru e M\u00e9xico). Segundo Temer, as palavras de ordem do Mercosul s\u00e3o \u201cmais di\u00e1logo, mais livre com\u00e9rcio e mais investimento\u201d.<\/p>\n<p>O Mercosul \u00e9 integrado por Argentina, Brasil, Paraguai e Uruguai, al\u00e9m da Venezuela, suspensa do bloco desde 2016. Na reuni\u00e3o de\u00a0<span id=\"OBJ_PREFIX_DWT988_com_zimbra_date\" role=\"link\"><span id=\"OBJ_PREFIX_DWT991_com_zimbra_date\" role=\"link\">hoje<\/span><\/span>, a presid\u00eancia pro tempore do bloco ser\u00e1 transferida ao Uruguai.<\/p>\n<h2>Venezuela<\/h2>\n<p>Ao relatar a chegada cont\u00ednua de venezuelanos no Brasil, Temer comentou a situa\u00e7\u00e3o da Venezuela, suspensa do Mercosul, e disse que o Brasil continua vigilante em rela\u00e7\u00e3o \u00e0 deteriora\u00e7\u00e3o das condi\u00e7\u00f5es humanit\u00e1rias no pa\u00eds vizinho.<\/p>\n<p>\u201cN\u00e3o temos poupado esfor\u00e7os para construir condi\u00e7\u00f5es f\u00edsicas e jur\u00eddicas que permitam o acolhimento solid\u00e1rio de quem foge de uma crise humanit\u00e1ria\u201d, disse.<\/p>\n<h2>Seguran\u00e7a<\/h2>\n<p>A internacionaliza\u00e7\u00e3o do crime organizado e a preocupa\u00e7\u00e3o com a seguran\u00e7a p\u00fablica foram mencionadas por Temer como problemas que atingem os pa\u00edses e a popula\u00e7\u00e3o da regi\u00e3o.<\/p>\n<p>Segundo ele, o Mercosul pode ajudar a \u201cfazer a diferen\u00e7a\u201d no combate a esse \u201cflagelo\u201d. Para o presidente, o crime organizado ultrapassa fronteiras e desrespeita os valores de cada pa\u00eds.<\/p>\n<p>Fonte: Ag\u00eancia Brasil<\/p>\n","protected":false},"excerpt":{"rendered":"<p>Em discurso aos chefes de Estado na C\u00fapula do Mercosul, nesta segunda, 18, em Assun\u00e7\u00e3o (Paraguai), o presidente Michel Temer disse que o bloco\u00a0sul-americano\u00a0precisa avan\u00e7ar cada vez mais rumo \u00e0\u00a0inser\u00e7\u00e3o na economia global. Temer defendeu as negocia\u00e7\u00f5es para a finaliza\u00e7\u00e3o de um acordo entre o Mercosul e a Uni\u00e3o Europeia. \u201cNa frente das negocia\u00e7\u00f5es externas, [&hellip;]<\/p>\n","protected":false},"author":96,"featured_media":108274,"comment_status":"closed","ping_status":"closed","sticky":false,"template":"","format":"standard","meta":{"footnotes":""},"categories":[254,439],"tags":[],"class_list":["post-108271","post","type-post","status-publish","format-standard","has-post-thumbnail","hentry","category-politica","category-ultima-hora"],"_links":{"self":[{"href":"https:\/\/diarioregionaldigital.com.br\/index.php?rest_route=\/wp\/v2\/posts\/108271","targetHints":{"allow":["GET"]}}],"collection":[{"href":"https:\/\/diarioregionaldigital.com.br\/index.php?rest_route=\/wp\/v2\/posts"}],"about":[{"href":"https:\/\/diarioregionaldigital.com.br\/index.php?rest_route=\/wp\/v2\/types\/post"}],"author":[{"embeddable":true,"href":"https:\/\/diarioregionaldigital.com.br\/index.php?rest_route=\/wp\/v2\/users\/96"}],"replies":[{"embeddable":true,"href":"https:\/\/diarioregionaldigital.com.br\/index.php?rest_route=%2Fwp%2Fv2%2Fcomments&post=108271"}],"version-history":[{"count":0,"href":"https:\/\/diarioregionaldigital.com.br\/index.php?rest_route=\/wp\/v2\/posts\/108271\/revisions"}],"wp:featuredmedia":[{"embeddable":true,"href":"https:\/\/diarioregionaldigital.com.br\/index.php?rest_route=\/wp\/v2\/media\/108274"}],"wp:attachment":[{"href":"https:\/\/diarioregionaldigital.com.br\/index.php?rest_route=%2Fwp%2Fv2%2Fmedia&parent=108271"}],"wp:term":[{"taxonomy":"category","embeddable":true,"href":"https:\/\/diarioregionaldigital.com.br\/index.php?rest_route=%2Fwp%2Fv2%2Fcategories&post=108271"},{"taxonomy":"post_tag","embeddable":true,"href":"https:\/\/diarioregionaldigital.com.br\/index.php?rest_route=%2Fwp%2Fv2%2Ftags&post=108271"}],"curies":[{"name":"wp","href":"https:\/\/api.w.org\/{rel}","templated":true}]}}