{"id":108250,"date":"2018-06-18T17:32:39","date_gmt":"2018-06-18T20:32:39","guid":{"rendered":"http:\/\/diarioregionaljf.com.br\/?p=108250"},"modified":"2018-06-18T17:32:39","modified_gmt":"2018-06-18T20:32:39","slug":"justica-condena-marcos-valerio-a-16-anos-de-prisao","status":"publish","type":"post","link":"https:\/\/diarioregionaldigital.com.br\/?p=108250","title":{"rendered":"Justi\u00e7a condena Marcos Val\u00e9rio a 16 anos de pris\u00e3o"},"content":{"rendered":"<p>A Justi\u00e7a de Minas Gerais condenou o publicit\u00e1rio Marcos Val\u00e9rio a 16 anos e 9 meses pelos crimes de lavagem de dinheiro e peculato pelo desvio de R$ 3,5 milh\u00f5es de estatais mineiras, em 1998, durante a campanha \u00e0 reelei\u00e7\u00e3o do ex-governador de Minas Eduardo Azeredo. Os s\u00f3cios de Val\u00e9rio, Cristiano Paz e Ramon Hollerbach, tamb\u00e9m foram condenados no processo a mesma pena.<\/p>\n<p>De acordo com decis\u00e3o da ju\u00edza Lucimeire Rocha, da 9\u00aa Vara Criminal de Belo Horizonte, assinada na sexta-feira, 15, os condenados participaram do esquema de corrup\u00e7\u00e3o que desviou recursos da Companhia de Saneamento de Minas Gerais (Copasa), da Companhia Mineradora de Minas Gerais (Comig) e do antigo banco estatal Bemge. Os fatos ficaram conhecidos como \u201cmensal\u00e3o mineiro\u201d.<\/p>\n<p>Para a magistrada, a empresa de publicidade SMP&amp;B, que pertenceu aos acusados, dava apar\u00eancia da legalidade aos recursos que eram repassados \u00e0 campanha eleitoral, por meio de patroc\u00ednios de eventos esportivos.<\/p>\n<p>Devido aos mesmos fatos, Eduardo Azeredo est\u00e1 preso para cumprir 20 anos de pena pelos crimes de peculato e lavagem de dinheiro. Marcos Val\u00e9rio e os s\u00f3cios tamb\u00e9m foram condenados A\u00e7\u00e3o Penal 470, o processo do mensal\u00e3o, em 2013. Somente Val\u00e9rio continua preso. Ele foi condenado a 37 anos de reclus\u00e3o.<\/p>\n<p>A defesa dos acusados informou que vai recorrer da decis\u00e3o.<\/p>\n<p>Fonte: Ag\u00eancia Brasil<\/p>\n","protected":false},"excerpt":{"rendered":"<p>A Justi\u00e7a de Minas Gerais condenou o publicit\u00e1rio Marcos Val\u00e9rio a 16 anos e 9 meses pelos crimes de lavagem de dinheiro e peculato pelo desvio de R$ 3,5 milh\u00f5es de estatais mineiras, em 1998, durante a campanha \u00e0 reelei\u00e7\u00e3o do ex-governador de Minas Eduardo Azeredo. Os s\u00f3cios de Val\u00e9rio, Cristiano Paz e Ramon Hollerbach, [&hellip;]<\/p>\n","protected":false},"author":96,"featured_media":108251,"comment_status":"closed","ping_status":"closed","sticky":false,"template":"","format":"standard","meta":{"footnotes":""},"categories":[254,439],"tags":[],"class_list":["post-108250","post","type-post","status-publish","format-standard","has-post-thumbnail","hentry","category-politica","category-ultima-hora"],"_links":{"self":[{"href":"https:\/\/diarioregionaldigital.com.br\/index.php?rest_route=\/wp\/v2\/posts\/108250","targetHints":{"allow":["GET"]}}],"collection":[{"href":"https:\/\/diarioregionaldigital.com.br\/index.php?rest_route=\/wp\/v2\/posts"}],"about":[{"href":"https:\/\/diarioregionaldigital.com.br\/index.php?rest_route=\/wp\/v2\/types\/post"}],"author":[{"embeddable":true,"href":"https:\/\/diarioregionaldigital.com.br\/index.php?rest_route=\/wp\/v2\/users\/96"}],"replies":[{"embeddable":true,"href":"https:\/\/diarioregionaldigital.com.br\/index.php?rest_route=%2Fwp%2Fv2%2Fcomments&post=108250"}],"version-history":[{"count":0,"href":"https:\/\/diarioregionaldigital.com.br\/index.php?rest_route=\/wp\/v2\/posts\/108250\/revisions"}],"wp:featuredmedia":[{"embeddable":true,"href":"https:\/\/diarioregionaldigital.com.br\/index.php?rest_route=\/wp\/v2\/media\/108251"}],"wp:attachment":[{"href":"https:\/\/diarioregionaldigital.com.br\/index.php?rest_route=%2Fwp%2Fv2%2Fmedia&parent=108250"}],"wp:term":[{"taxonomy":"category","embeddable":true,"href":"https:\/\/diarioregionaldigital.com.br\/index.php?rest_route=%2Fwp%2Fv2%2Fcategories&post=108250"},{"taxonomy":"post_tag","embeddable":true,"href":"https:\/\/diarioregionaldigital.com.br\/index.php?rest_route=%2Fwp%2Fv2%2Ftags&post=108250"}],"curies":[{"name":"wp","href":"https:\/\/api.w.org\/{rel}","templated":true}]}}