{"id":108241,"date":"2018-06-18T16:53:16","date_gmt":"2018-06-18T19:53:16","guid":{"rendered":"http:\/\/diarioregionaljf.com.br\/?p=108241"},"modified":"2018-06-18T16:53:16","modified_gmt":"2018-06-18T19:53:16","slug":"ministro-diz-que-impacto-da-paralisacao-dos-caminhoneiros-e-transitorio","status":"publish","type":"post","link":"https:\/\/diarioregionaldigital.com.br\/?p=108241","title":{"rendered":"Ministro diz que impacto da paralisa\u00e7\u00e3o dos caminhoneiros \u00e9 transit\u00f3rio"},"content":{"rendered":"<p>O ministro da Fazenda, Eduardo Guardia, disse nessa segunda-feira, 18, que os impactos da greve dos caminhoneiros na economia s\u00e3o \u201ctransit\u00f3rios\u201d. Segundo ele, a paralisa\u00e7\u00e3o teve repercuss\u00f5es tanto nos n\u00edveis de infla\u00e7\u00e3o como tamb\u00e9m no pr\u00f3prio crescimento econ\u00f4mico.<\/p>\n<p>\u201c\u00c9 ineg\u00e1vel que ela ter\u00e1 um efeito no curto prazo, tanto no que diz respeito ao n\u00edvel de pre\u00e7o, quanto no que diz respeito ao impacto na economia como crescimento \u2013 setores foram afetados, a economia parou de funcionar, teve escassez de produtos, isso refletiu em pre\u00e7os mais elevados nos supermercados\u201d, enumerou o ministro, ao participar de um almo\u00e7o organizado pelo Grupo de L\u00edderes Empresariais (Lide).<\/p>\n<p>Apesar dos efeitos relevantes causados pela greve, o ministro acredita que eles ser\u00e3o contornados ao longo do tempo. \u201cTanto quanto quando a gente olha do lado da infla\u00e7\u00e3o, quanto quando a gente olha do lado do crescimento, esses efeitos s\u00e3o transit\u00f3rios. N\u00f3s n\u00e3o entendemos como um choque permanente em pre\u00e7os ou na capacidade de crescimento da economia brasileira\u201d, enfatizou.<\/p>\n<p>Guardia n\u00e3o quis comentar, no entanto, a possibilidade de rever a proje\u00e7\u00e3o de crescimento do Produto Interno Bruto (PIB) para este ano. Ele destacou que a estimativa oficial do governo ser\u00e1 atualizada em meados de julho. Em maio, o governo federal reduziu a expectativa de expans\u00e3o do PIB em 2018 de 2,97% para 2,5%.<\/p>\n<p><strong>\u00a0<\/strong><\/p>\n<p>CEN\u00c1RIO EXTERNO<\/p>\n<p>Sobre os fatores que prejudicam o crescimento da economia, Guardia destacou ainda o cen\u00e1rio externo, em que Estados Unidos e China t\u00eam cogitado a possibilidade de adotar medidas protecionistas em rela\u00e7\u00e3o a alguns produtos. \u201cIsso tem um impacto sobre o com\u00e9rcio mundial. Evidentemente que n\u00e3o contribui para o livre com\u00e9rcio e para o crescimento economia internacional\u201d, ressaltou.<\/p>\n<p>Os Estados Unidos tamb\u00e9m t\u00eam sido, segundo o ministro, a principal raz\u00e3o da forte instabilidade cambial que o Brasil tem enfrentado nas \u00faltimas semanas. \u201cA normaliza\u00e7\u00e3o da pol\u00edtica monet\u00e1ria dos Estados Unidos que tem trazido uma press\u00e3o, um movimento global de valoriza\u00e7\u00e3o da moeda americana. Ent\u00e3o, uma press\u00e3o pela desvaloriza\u00e7\u00e3o das moedas na grande maioria dos pa\u00edses emergentes\u201d, disse.<\/p>\n<p>A transi\u00e7\u00e3o de governo ap\u00f3s as elei\u00e7\u00f5es deste ano s\u00e3o outro fator apontado pelo ministro com capacidade de afetar as proje\u00e7\u00f5es de crescimento, uma vez que causa inseguran\u00e7a nos investidores. De acordo com ele, os agentes econ\u00f4micos est\u00e3o preocupados quanto \u00e0 continuidade ou n\u00e3o da agenda de reformas do atual governo vem implementando ao longo desses \u00faltimos dois anos.<\/p>\n<p>O ministro disse esperar que, independentemente de quem seja o vencedor da disputa pela Presid\u00eancia, a agenda de reformas seja mantida no pr\u00f3ximo governo. \u201cEspero que esse pragmatismo exista com qualquer um que venha a ter a enorme responsabilidade de comandar esse pa\u00eds a partir de 1\u00aa de janeiro de 2019\u201d, destacou.<\/p>\n<p>Fonte: Ag\u00eancia Brasil<\/p>\n","protected":false},"excerpt":{"rendered":"<p>O ministro da Fazenda, Eduardo Guardia, disse nessa segunda-feira, 18, que os impactos da greve dos caminhoneiros na economia s\u00e3o \u201ctransit\u00f3rios\u201d. Segundo ele, a paralisa\u00e7\u00e3o teve repercuss\u00f5es tanto nos n\u00edveis de infla\u00e7\u00e3o como tamb\u00e9m no pr\u00f3prio crescimento econ\u00f4mico. \u201c\u00c9 ineg\u00e1vel que ela ter\u00e1 um efeito no curto prazo, tanto no que diz respeito ao n\u00edvel [&hellip;]<\/p>\n","protected":false},"author":96,"featured_media":108242,"comment_status":"closed","ping_status":"closed","sticky":false,"template":"","format":"standard","meta":{"footnotes":""},"categories":[261,439],"tags":[],"class_list":["post-108241","post","type-post","status-publish","format-standard","has-post-thumbnail","hentry","category-economia","category-ultima-hora"],"_links":{"self":[{"href":"https:\/\/diarioregionaldigital.com.br\/index.php?rest_route=\/wp\/v2\/posts\/108241","targetHints":{"allow":["GET"]}}],"collection":[{"href":"https:\/\/diarioregionaldigital.com.br\/index.php?rest_route=\/wp\/v2\/posts"}],"about":[{"href":"https:\/\/diarioregionaldigital.com.br\/index.php?rest_route=\/wp\/v2\/types\/post"}],"author":[{"embeddable":true,"href":"https:\/\/diarioregionaldigital.com.br\/index.php?rest_route=\/wp\/v2\/users\/96"}],"replies":[{"embeddable":true,"href":"https:\/\/diarioregionaldigital.com.br\/index.php?rest_route=%2Fwp%2Fv2%2Fcomments&post=108241"}],"version-history":[{"count":0,"href":"https:\/\/diarioregionaldigital.com.br\/index.php?rest_route=\/wp\/v2\/posts\/108241\/revisions"}],"wp:featuredmedia":[{"embeddable":true,"href":"https:\/\/diarioregionaldigital.com.br\/index.php?rest_route=\/wp\/v2\/media\/108242"}],"wp:attachment":[{"href":"https:\/\/diarioregionaldigital.com.br\/index.php?rest_route=%2Fwp%2Fv2%2Fmedia&parent=108241"}],"wp:term":[{"taxonomy":"category","embeddable":true,"href":"https:\/\/diarioregionaldigital.com.br\/index.php?rest_route=%2Fwp%2Fv2%2Fcategories&post=108241"},{"taxonomy":"post_tag","embeddable":true,"href":"https:\/\/diarioregionaldigital.com.br\/index.php?rest_route=%2Fwp%2Fv2%2Ftags&post=108241"}],"curies":[{"name":"wp","href":"https:\/\/api.w.org\/{rel}","templated":true}]}}