{"id":108239,"date":"2018-06-18T13:04:04","date_gmt":"2018-06-18T16:04:04","guid":{"rendered":"http:\/\/diarioregionaljf.com.br\/?p=108239"},"modified":"2018-06-18T13:05:05","modified_gmt":"2018-06-18T16:05:05","slug":"caixa-abre-selecao-publica-para-patrocinio-de-projetos-culturais","status":"publish","type":"post","link":"https:\/\/diarioregionaldigital.com.br\/?p=108239","title":{"rendered":"CAIXA abre sele\u00e7\u00e3o p\u00fablica para patroc\u00ednio de projetos culturais"},"content":{"rendered":"<div id=\"content_01_body\" class=\"js_trackNews js_newsNormal\">\n<p>A CAIXA abre, nessa segunda, 18, sele\u00e7\u00e3o p\u00fablica para patroc\u00ednio de projetos culturais e forma\u00e7\u00e3o da pauta para o per\u00edodo 2019\/2020. Ser\u00e3o analisados projetos apresentados nos segmentos de artes visuais, cinema, dan\u00e7a, m\u00fasica, teatro e viv\u00eancias. Os interessados t\u00eam at\u00e9 as 17h (hor\u00e1rio de Bras\u00edlia) de 3 de agosto para inscrever seus projetos.<\/p>\n<p>O diretor de marketing e comunica\u00e7\u00e3o da CAIXA, Gerson Bordignon, destaca que o banco \u00e9 um dos principais incentivadores da Cultura no Brasil e est\u00e1 destinando, em 2019, R$ 39 milh\u00f5es para aplica\u00e7\u00e3o nos Projetos Selecionados pelo programa.\u00a0 Bordignon ressalta tamb\u00e9m que al\u00e9m de ser uma excelente oportunidade para os produtores, o investimento em cultura contribui com o desenvolvimento econ\u00f4mico do pa\u00eds e leva arte e lazer para a sociedade.<\/p>\n<p>As inscri\u00e7\u00f5es ser\u00e3o realizadas exclusivamente via internet por meio do preenchimento de formul\u00e1rio dispon\u00edvel no endere\u00e7o eletr\u00f4nico: http:\/\/www.programasculturaiscaixa.com.br. Ser\u00e3o consideradas somente as inscri\u00e7\u00f5es com preenchimento completo, finalizadas e enviadas dentro do per\u00edodo e hor\u00e1rio acima indicados.<\/p>\n<p>Os projetos dever\u00e3o ser inscritos exclusivamente por pessoa jur\u00eddica ou micro empreendedor individual cuja natureza\/objeto social seja de finalidade cultural. Ser\u00e1 admitida a inscri\u00e7\u00e3o de at\u00e9 10 projetos por proponente, independentemente do segmento a que perten\u00e7am ou de haver itiner\u00e2ncia para cada um deles.<\/p>\n<p>A rela\u00e7\u00e3o dos projetos selecionados ser\u00e1 divulgada at\u00e9 o m\u00eas de dezembro de 2018, pela internet, no mesmo endere\u00e7o eletr\u00f4nico da inscri\u00e7\u00e3o.<\/p>\n<\/div>\n<p>&nbsp;<\/p>\n<p>&nbsp;<\/p>\n<p>Fonte: Assessoria da Caixa<\/p>\n","protected":false},"excerpt":{"rendered":"<p>A CAIXA abre, nessa segunda, 18, sele\u00e7\u00e3o p\u00fablica para patroc\u00ednio de projetos culturais e forma\u00e7\u00e3o da pauta para o per\u00edodo 2019\/2020. Ser\u00e3o analisados projetos apresentados nos segmentos de artes visuais, cinema, dan\u00e7a, m\u00fasica, teatro e viv\u00eancias. Os interessados t\u00eam at\u00e9 as 17h (hor\u00e1rio de Bras\u00edlia) de 3 de agosto para inscrever seus projetos. O diretor [&hellip;]<\/p>\n","protected":false},"author":96,"featured_media":97709,"comment_status":"closed","ping_status":"closed","sticky":false,"template":"","format":"standard","meta":{"footnotes":""},"categories":[302,439],"tags":[],"class_list":["post-108239","post","type-post","status-publish","format-standard","has-post-thumbnail","hentry","category-brasil-mundo","category-ultima-hora"],"_links":{"self":[{"href":"https:\/\/diarioregionaldigital.com.br\/index.php?rest_route=\/wp\/v2\/posts\/108239","targetHints":{"allow":["GET"]}}],"collection":[{"href":"https:\/\/diarioregionaldigital.com.br\/index.php?rest_route=\/wp\/v2\/posts"}],"about":[{"href":"https:\/\/diarioregionaldigital.com.br\/index.php?rest_route=\/wp\/v2\/types\/post"}],"author":[{"embeddable":true,"href":"https:\/\/diarioregionaldigital.com.br\/index.php?rest_route=\/wp\/v2\/users\/96"}],"replies":[{"embeddable":true,"href":"https:\/\/diarioregionaldigital.com.br\/index.php?rest_route=%2Fwp%2Fv2%2Fcomments&post=108239"}],"version-history":[{"count":0,"href":"https:\/\/diarioregionaldigital.com.br\/index.php?rest_route=\/wp\/v2\/posts\/108239\/revisions"}],"wp:featuredmedia":[{"embeddable":true,"href":"https:\/\/diarioregionaldigital.com.br\/index.php?rest_route=\/wp\/v2\/media\/97709"}],"wp:attachment":[{"href":"https:\/\/diarioregionaldigital.com.br\/index.php?rest_route=%2Fwp%2Fv2%2Fmedia&parent=108239"}],"wp:term":[{"taxonomy":"category","embeddable":true,"href":"https:\/\/diarioregionaldigital.com.br\/index.php?rest_route=%2Fwp%2Fv2%2Fcategories&post=108239"},{"taxonomy":"post_tag","embeddable":true,"href":"https:\/\/diarioregionaldigital.com.br\/index.php?rest_route=%2Fwp%2Fv2%2Ftags&post=108239"}],"curies":[{"name":"wp","href":"https:\/\/api.w.org\/{rel}","templated":true}]}}