{"id":108233,"date":"2018-06-18T12:24:09","date_gmt":"2018-06-18T15:24:09","guid":{"rendered":"http:\/\/diarioregionaljf.com.br\/?p=108233"},"modified":"2018-06-18T12:24:09","modified_gmt":"2018-06-18T15:24:09","slug":"sisu-divulga-resultado-da-chamada-regular","status":"publish","type":"post","link":"https:\/\/diarioregionaldigital.com.br\/?p=108233","title":{"rendered":"Sisu divulga resultado da chamada regular"},"content":{"rendered":"<p>Os resultados da 2\u00aa edi\u00e7\u00e3o do Sistema de Sele\u00e7\u00e3o Unificada (Sisu) 2018 foram divulgados nesta segunda, 18. A Universidade Federal de Juiz de Fora (UFJF) disponibilizou 933 vagas em 42 diferentes cursos nos dois campi.<\/p>\n<p>Come\u00e7a agora o processo de matr\u00edcula nas institui\u00e7\u00f5es de ensino superior para os aprovados na chamada regular. Na UFJF, a pr\u00e9-matr\u00edcula on-line ser\u00e1 entre os dias 22 e 28 de junho. J\u00e1 a etapa presencial, com entrega de documentos, acontece nos dias 4 e 5 de julho.<\/p>\n<p>O link para a pr\u00e9-matr\u00edcula on-line estar\u00e1 dispon\u00edvel <a href=\"http:\/\/www.ufjf.br\/cdara\/sisu-2\/sisu-2018-2a-edicao\/link-da-pre-matricula-on-line\/\">nesta p\u00e1gina<\/a> das 12h do dia 22 de junho at\u00e9 \u00e0s 23h59 do dia 28 de junho. O procedimento \u00e9 obrigat\u00f3rio e o candidato que n\u00e3o participar perder\u00e1 o direito \u00e0 vaga.<\/p>\n<p>Ainda de acordo com o <a href=\"http:\/\/www.ufjf.br\/cdara\/sisu-2\/sisu-2018-2a-edicao\/cronograma-de-reclassificacoes-juiz-de-fora-e-governador-valadares\/\">cronograma da Coordenadoria de Assuntos e Registros Acad\u00eamicos (Cdara)<\/a>, na fase presencial, nos dias 4 e 5 de julho, dever\u00e1 ser apresentada documenta\u00e7\u00e3o comprobat\u00f3ria das informa\u00e7\u00f5es fornecidas durante o processo de sele\u00e7\u00e3o, com base no grupo de ingresso escolhido. <a href=\"http:\/\/www.ufjf.br\/cdara\/sisu-2\/sisu-2018-2a-edicao\/documentacao-datas-e-horarios\/\">Confira aqui a documenta\u00e7\u00e3o<\/a>.<\/p>\n<p>Os candidatos devem ficar atentos, pois \u00e9 <a href=\"http:\/\/www.ufjf.br\/cdara\/files\/2018\/06\/ORIENTA%C3%87%C3%95ES-COMPLEMENTARES-PARA-MATR%C3%8DCULA-SiSU-2017-21.pdf\">reservado um dia e hor\u00e1rio espec\u00edfico para cada curso nos dois campi.<\/a><\/p>\n<p><b>Lista de espera<\/b><\/p>\n<p>Para aqueles que ainda n\u00e3o foram aprovados em sua primeira op\u00e7\u00e3o, \u00e9 poss\u00edvel se inscrever na lista de espera do Sisu entre os dias 22 e 27 de junho para aguardar novas classifica\u00e7\u00f5es. A UFJF ir\u00e1 divulgar o primeiro edital de reclassifica\u00e7\u00e3o no dia 11 de julho, \u00e0s 12h. Os aprovados atrav\u00e9s deste edital ter\u00e3o novos prazos para realiza\u00e7\u00e3o de pr\u00e9-matr\u00edcula on-line e, posteriormente, a matr\u00edcula presencial com a entrega de de documentos.<\/p>\n<p>Para avaliar melhor suas chances, o candidato poder\u00e1 consultar uma tabela com os<a href=\"http:\/\/www.ufjf.br\/cdara\/sisu-2\/sisu-2013-pontos-de-corte\/\"> pontos de corte de todos os cursos da institui\u00e7\u00e3o<\/a> das edi\u00e7\u00f5es anteriores do Sisu.<\/p>\n<p>Outras informa\u00e7\u00f5es: (32) 2102-3911 \u2013 Central de Atendimento da UFJF \/ faleconosco@ufjf.edu.br<\/p>\n<p>&nbsp;<\/p>\n<p>&nbsp;<\/p>\n<p>Fonte: Assessoria da UFJF<\/p>\n","protected":false},"excerpt":{"rendered":"<p>Os resultados da 2\u00aa edi\u00e7\u00e3o do Sistema de Sele\u00e7\u00e3o Unificada (Sisu) 2018 foram divulgados nesta segunda, 18. A Universidade Federal de Juiz de Fora (UFJF) disponibilizou 933 vagas em 42 diferentes cursos nos dois campi. Come\u00e7a agora o processo de matr\u00edcula nas institui\u00e7\u00f5es de ensino superior para os aprovados na chamada regular. Na UFJF, a [&hellip;]<\/p>\n","protected":false},"author":96,"featured_media":108237,"comment_status":"closed","ping_status":"closed","sticky":false,"template":"","format":"standard","meta":{"footnotes":""},"categories":[253,440,439],"tags":[],"class_list":["post-108233","post","type-post","status-publish","format-standard","has-post-thumbnail","hentry","category-cidade","category-destaques-do-dia","category-ultima-hora"],"_links":{"self":[{"href":"https:\/\/diarioregionaldigital.com.br\/index.php?rest_route=\/wp\/v2\/posts\/108233","targetHints":{"allow":["GET"]}}],"collection":[{"href":"https:\/\/diarioregionaldigital.com.br\/index.php?rest_route=\/wp\/v2\/posts"}],"about":[{"href":"https:\/\/diarioregionaldigital.com.br\/index.php?rest_route=\/wp\/v2\/types\/post"}],"author":[{"embeddable":true,"href":"https:\/\/diarioregionaldigital.com.br\/index.php?rest_route=\/wp\/v2\/users\/96"}],"replies":[{"embeddable":true,"href":"https:\/\/diarioregionaldigital.com.br\/index.php?rest_route=%2Fwp%2Fv2%2Fcomments&post=108233"}],"version-history":[{"count":0,"href":"https:\/\/diarioregionaldigital.com.br\/index.php?rest_route=\/wp\/v2\/posts\/108233\/revisions"}],"wp:featuredmedia":[{"embeddable":true,"href":"https:\/\/diarioregionaldigital.com.br\/index.php?rest_route=\/wp\/v2\/media\/108237"}],"wp:attachment":[{"href":"https:\/\/diarioregionaldigital.com.br\/index.php?rest_route=%2Fwp%2Fv2%2Fmedia&parent=108233"}],"wp:term":[{"taxonomy":"category","embeddable":true,"href":"https:\/\/diarioregionaldigital.com.br\/index.php?rest_route=%2Fwp%2Fv2%2Fcategories&post=108233"},{"taxonomy":"post_tag","embeddable":true,"href":"https:\/\/diarioregionaldigital.com.br\/index.php?rest_route=%2Fwp%2Fv2%2Ftags&post=108233"}],"curies":[{"name":"wp","href":"https:\/\/api.w.org\/{rel}","templated":true}]}}