{"id":108228,"date":"2018-06-18T11:49:41","date_gmt":"2018-06-18T14:49:41","guid":{"rendered":"http:\/\/diarioregionaljf.com.br\/?p=108228"},"modified":"2018-06-18T12:02:22","modified_gmt":"2018-06-18T15:02:22","slug":"escola-do-legislativo-promove-encontro-sobre-transparencia-publica-e-eleitoral","status":"publish","type":"post","link":"https:\/\/diarioregionaldigital.com.br\/?p=108228","title":{"rendered":"Escola do Legislativo promove encontro sobre transpar\u00eancia p\u00fablica e eleitoral"},"content":{"rendered":"<div><span style=\"font-family: arial, helvetica, sans-serif;\">Nesta quarta-feira, 20, a C\u00e2mara de Juiz de Fora, por meio da Escola do Legislativo Professor Willian Coury Jabour, promove um encontro que vai discutir a transpar\u00eancia p\u00fablica e eleitoral. O evento \u00e9 gratuito, aberto ao p\u00fablico, com in\u00edcio previsto para as 13h30, no plen\u00e1rio da Casa, e ser\u00e1 conferido certificado aos participantes. Confira programa\u00e7\u00e3o abaixo.<\/span><\/div>\n<div><\/div>\n<div><span style=\"font-family: arial, helvetica, sans-serif;\">\u201cO objetivo \u00e9 atender tanto a sociedade em geral, como pol\u00edticos e servidores das c\u00e2maras de vereadores da regi\u00e3o que, com certeza, estar\u00e3o envolvidos no pr\u00f3ximo processo eleitoral. A transpar\u00eancia p\u00fablica \u00e9 um direito constitucional dos cidad\u00e3os e um dever do Estado, devendo ser facilitado o acesso \u00e0 informa\u00e7\u00e3o p\u00fablica&#8221;, explica o supervisor das atividades da Escola do Legislativo, S\u00e9rgio Loures e a Diretora Legislativa da C\u00e2mara, Maria Aparecida Fontes Cal.<\/span><\/div>\n<div><\/div>\n<div><span style=\"font-family: arial, helvetica, sans-serif;\">Segundo eles, al\u00e9m das casas legislativas dos munic\u00edpios vizinhos, est\u00e3o sendo convidadas faculdades que oferecem cursos relacionados ao tema, como Direito, Ci\u00eancias Cont\u00e1beis e Administra\u00e7\u00e3o.<\/span><\/div>\n<div><\/div>\n<div><span style=\"font-family: arial, helvetica, sans-serif;\">As duas palestras do Encontro ser\u00e3o ministradas pelo professor Alexandre Bossi Queiroz que tem Mestrado e Doutorado na \u00e1rea de Contabilidade e Finan\u00e7as pela Universidade de Zaragoza e especializa\u00e7\u00e3o em Contabilidade P\u00fablica pela UFMG.<\/span><\/div>\n<div><\/div>\n<div><span style=\"font-family: arial, helvetica, sans-serif;\">Outras informa\u00e7\u00f5es e d\u00favidas podem ser encaminhadas para o e-mail escoladolegislativo@camarajf.mg.gov.br.<\/span><\/div>\n<div><\/div>\n<div><\/div>\n<div><strong><span style=\"font-family: arial, helvetica, sans-serif;\">Confira a programa\u00e7\u00e3o:<\/span><\/strong><\/div>\n<div><\/div>\n<div><span style=\"font-family: arial, helvetica, sans-serif;\">13h30 &#8211; Abertura<\/span><\/div>\n<div><span style=\"font-family: arial, helvetica, sans-serif;\">14h &#8211;\u00a0 Palestra \u201cTranspar\u00eancia p\u00fablica: instrumento de fortalecimento da cidadania\u201d<\/span><\/div>\n<div><span style=\"font-family: arial, helvetica, sans-serif;\">15h30 &#8211; Intervalo para caf\u00e9<\/span><\/div>\n<div><span style=\"font-family: arial, helvetica, sans-serif;\">16h &#8211; Palestra \u201cTranspar\u00eancia Eleitoral: apontamentos para partidos e candidatos\u201d<\/span><\/div>\n<div><span style=\"font-family: arial, helvetica, sans-serif;\">17h30 &#8211; Encerramento<\/span><\/div>\n<div><\/div>\n<div><\/div>\n<div><\/div>\n<div><span style=\"font-family: arial, helvetica, sans-serif;\">Fonte: Assessoria CMJP<\/span><\/div>\n","protected":false},"excerpt":{"rendered":"<p>Nesta quarta-feira, 20, a C\u00e2mara de Juiz de Fora, por meio da Escola do Legislativo Professor Willian Coury Jabour, promove um encontro que vai discutir a transpar\u00eancia p\u00fablica e eleitoral. O evento \u00e9 gratuito, aberto ao p\u00fablico, com in\u00edcio previsto para as 13h30, no plen\u00e1rio da Casa, e ser\u00e1 conferido certificado aos participantes. Confira programa\u00e7\u00e3o [&hellip;]<\/p>\n","protected":false},"author":96,"featured_media":105098,"comment_status":"closed","ping_status":"closed","sticky":false,"template":"","format":"standard","meta":{"footnotes":""},"categories":[253,439],"tags":[],"class_list":["post-108228","post","type-post","status-publish","format-standard","has-post-thumbnail","hentry","category-cidade","category-ultima-hora"],"_links":{"self":[{"href":"https:\/\/diarioregionaldigital.com.br\/index.php?rest_route=\/wp\/v2\/posts\/108228","targetHints":{"allow":["GET"]}}],"collection":[{"href":"https:\/\/diarioregionaldigital.com.br\/index.php?rest_route=\/wp\/v2\/posts"}],"about":[{"href":"https:\/\/diarioregionaldigital.com.br\/index.php?rest_route=\/wp\/v2\/types\/post"}],"author":[{"embeddable":true,"href":"https:\/\/diarioregionaldigital.com.br\/index.php?rest_route=\/wp\/v2\/users\/96"}],"replies":[{"embeddable":true,"href":"https:\/\/diarioregionaldigital.com.br\/index.php?rest_route=%2Fwp%2Fv2%2Fcomments&post=108228"}],"version-history":[{"count":0,"href":"https:\/\/diarioregionaldigital.com.br\/index.php?rest_route=\/wp\/v2\/posts\/108228\/revisions"}],"wp:featuredmedia":[{"embeddable":true,"href":"https:\/\/diarioregionaldigital.com.br\/index.php?rest_route=\/wp\/v2\/media\/105098"}],"wp:attachment":[{"href":"https:\/\/diarioregionaldigital.com.br\/index.php?rest_route=%2Fwp%2Fv2%2Fmedia&parent=108228"}],"wp:term":[{"taxonomy":"category","embeddable":true,"href":"https:\/\/diarioregionaldigital.com.br\/index.php?rest_route=%2Fwp%2Fv2%2Fcategories&post=108228"},{"taxonomy":"post_tag","embeddable":true,"href":"https:\/\/diarioregionaldigital.com.br\/index.php?rest_route=%2Fwp%2Fv2%2Ftags&post=108228"}],"curies":[{"name":"wp","href":"https:\/\/api.w.org\/{rel}","templated":true}]}}