{"id":108215,"date":"2018-06-18T11:00:34","date_gmt":"2018-06-18T14:00:34","guid":{"rendered":"http:\/\/diarioregionaljf.com.br\/?p=108215"},"modified":"2018-06-18T11:12:56","modified_gmt":"2018-06-18T14:12:56","slug":"semana-comeca-com-dolar-em-alta","status":"publish","type":"post","link":"https:\/\/diarioregionaldigital.com.br\/?p=108215","title":{"rendered":"Semana come\u00e7a com d\u00f3lar em alta"},"content":{"rendered":"<p>O d\u00f3lar iniciou nessa segunda-feira, 18, a semana com alta de 0,65% \u2013 cotado para venda em R$ 3,7543 \u00e0s 10h17. A moeda norte-americana oscila desde a semana passada, com a a\u00e7\u00e3o do Banco Central de anunciar mais US$ 10 bilh\u00f5es em<em>swaps <\/em>cambiais (venda futura do d\u00f3lar) para esta semana, ap\u00f3s <span id=\"OBJ_PREFIX_DWT2444_com_zimbra_date\" role=\"link\">ter\u00a0<\/span>ofertado US$ 24,5 bilh\u00f5es para conter a alta da moeda.<\/p>\n<p>O \u00edndice da Bolsa de Valores de S\u00e3o Paulo (Ibovespa) abriu a manh\u00e3 dessa segunda-feira, 18,\u00a0em queda de 1,65%, com 69.591 pontos \u00e0s 10h17. O Ibovespa fechou a semana passada tamb\u00e9m em queda, tamb\u00e9m registrando \u00edndices abaixo dos 70 mil pontos, fato n\u00e3o verificado desde agosto de 2017. Os investidores mostram incertezas no cen\u00e1rio externo, como a disputa comercial entre os Estados Unidos e a China e a influ\u00eancia do calend\u00e1rio eleitoral<span id=\"OBJ_PREFIX_DWT2446_com_zimbra_date\" role=\"link\"> de outubro<\/span> para as oscila\u00e7\u00f5es na Bovespa.<\/p>\n<p>&nbsp;<\/p>\n<p>Fonte: Ag\u00eancia Brasil<\/p>\n","protected":false},"excerpt":{"rendered":"<p>O d\u00f3lar iniciou nessa segunda-feira, 18, a semana com alta de 0,65% \u2013 cotado para venda em R$ 3,7543 \u00e0s 10h17. A moeda norte-americana oscila desde a semana passada, com a a\u00e7\u00e3o do Banco Central de anunciar mais US$ 10 bilh\u00f5es emswaps cambiais (venda futura do d\u00f3lar) para esta semana, ap\u00f3s ter\u00a0ofertado US$ 24,5 bilh\u00f5es [&hellip;]<\/p>\n","protected":false},"author":96,"featured_media":107540,"comment_status":"closed","ping_status":"closed","sticky":false,"template":"","format":"standard","meta":{"footnotes":""},"categories":[261,439],"tags":[],"class_list":["post-108215","post","type-post","status-publish","format-standard","has-post-thumbnail","hentry","category-economia","category-ultima-hora"],"_links":{"self":[{"href":"https:\/\/diarioregionaldigital.com.br\/index.php?rest_route=\/wp\/v2\/posts\/108215","targetHints":{"allow":["GET"]}}],"collection":[{"href":"https:\/\/diarioregionaldigital.com.br\/index.php?rest_route=\/wp\/v2\/posts"}],"about":[{"href":"https:\/\/diarioregionaldigital.com.br\/index.php?rest_route=\/wp\/v2\/types\/post"}],"author":[{"embeddable":true,"href":"https:\/\/diarioregionaldigital.com.br\/index.php?rest_route=\/wp\/v2\/users\/96"}],"replies":[{"embeddable":true,"href":"https:\/\/diarioregionaldigital.com.br\/index.php?rest_route=%2Fwp%2Fv2%2Fcomments&post=108215"}],"version-history":[{"count":0,"href":"https:\/\/diarioregionaldigital.com.br\/index.php?rest_route=\/wp\/v2\/posts\/108215\/revisions"}],"wp:featuredmedia":[{"embeddable":true,"href":"https:\/\/diarioregionaldigital.com.br\/index.php?rest_route=\/wp\/v2\/media\/107540"}],"wp:attachment":[{"href":"https:\/\/diarioregionaldigital.com.br\/index.php?rest_route=%2Fwp%2Fv2%2Fmedia&parent=108215"}],"wp:term":[{"taxonomy":"category","embeddable":true,"href":"https:\/\/diarioregionaldigital.com.br\/index.php?rest_route=%2Fwp%2Fv2%2Fcategories&post=108215"},{"taxonomy":"post_tag","embeddable":true,"href":"https:\/\/diarioregionaldigital.com.br\/index.php?rest_route=%2Fwp%2Fv2%2Ftags&post=108215"}],"curies":[{"name":"wp","href":"https:\/\/api.w.org\/{rel}","templated":true}]}}