{"id":108207,"date":"2018-06-18T10:24:38","date_gmt":"2018-06-18T13:24:38","guid":{"rendered":"http:\/\/diarioregionaljf.com.br\/?p=108207"},"modified":"2018-06-18T11:44:41","modified_gmt":"2018-06-18T14:44:41","slug":"professor-de-educacao-fisica-e-assassinado-a-tiros-em-argirita","status":"publish","type":"post","link":"https:\/\/diarioregionaldigital.com.br\/?p=108207","title":{"rendered":"Professor de Educa\u00e7\u00e3o F\u00edsica \u00e9 assassinado a tiros em Argirita"},"content":{"rendered":"<div class=\"detalhe-texto\">\n<p style=\"text-align: left;\"><span style=\"font-size: 16px; line-height: 1.5; font-family: 'times new roman', times, serif; color: #333333;\">Um homem morreu ap\u00f3s ser baleado na Rua Misael Furtado, no Centro de Argirita, no in\u00edcio da noite nesse domingo, 17.\u00a0Segundo as informa\u00e7\u00f5es obtidas pela reportagem, o homem de 34 anos, professor de educa\u00e7\u00e3o f\u00edsica, apresentava seis perfura\u00e7\u00f5es na regi\u00e3o do peito, duas no bra\u00e7o e uma na m\u00e3o esquerda. A quantidade de tiros n\u00e3o foi informada pela pol\u00edcia.<\/span><\/p>\n<\/div>\n<div class=\"row barra-titulo-sidebar\" style=\"text-align: left;\">\n<div class=\"col-md-24\">\n<div class=\"detalhe-texto\" style=\"text-align: left;\"><span style=\"font-family: 'times new roman', times, serif; color: #333333;\">Ele foi socorrido pela equipe m\u00e9dica composta pela t\u00e9cnica de enfermagem Cida Rezende e pelo condutor Valmir Sirino e\u00a0 encaminhado em uma UBS de Argirita ao Pronto-Socorro Municipal da Casa de Caridade Leopoldinense, mas n\u00e3o resistiu aos ferimentos, vindo a \u00f3bito.<\/span><\/div>\n<div style=\"text-align: left;\"><\/div>\n<div style=\"text-align: left;\"><span style=\"font-size: 15px; line-height: 1.5; font-family: 'times new roman', times, serif; color: #333333;\">O suspeito de fazer os disparos contra a v\u00edtima seria um parente, de 64 anos, que fugiu da cena do crime. Policiais militares de Argirita, com refor\u00e7o de duas guarni\u00e7\u00f5es da 37\u00aa Companhia de Leopoldina realizam buscas \u00e0 procura do autor dos disparos.<\/span><\/div>\n<div class=\"detalhe-texto\" style=\"text-align: left;\">\n<p><span style=\"font-family: 'times new roman', times, serif; color: #333333;\">Um rev\u00f3lver calibre 32 com 6 cartuchos intactos foi apreendido no local, al\u00e9m de proj\u00e9teis. A Per\u00edcia T\u00e9cnica da Pol\u00edcia Civil foi acionada e realizou os trabalhos de praxe. O caso ser\u00e1 encaminhado para a Delegacia Regional de Pol\u00edcia Civil de Leopoldina.<\/span><\/p>\n<p><span style=\"font-family: 'times new roman', times, serif; color: #000000;\"><span style=\"color: #333333;\">Participam das buscas os militares Sargento Moreira, Cabo Wellington e Cabo Rafael do Destacamento de Argirita, Tenente Amarildo e Sargento Marcos Botelho e noT\u00e1tico M\u00f3vel os policiais Cabo Almeida, Cabo Iza\u00edas e Soldado Alan, que vasculharam a parte dos fundos das resid\u00eancias vizinhas ao local do crime, em uma grande \u00e1rea com um c\u00f3rrego que corta aquela cidade.<\/span><\/span><\/p>\n<\/div>\n<p>&nbsp;<\/p>\n<p>&nbsp;<\/p>\n<p style=\"text-align: left;\"><span style=\"color: #333333; font-size: 12pt; font-family: 'times new roman', times, serif;\">Fonte: O vigilante online<\/span><\/p>\n<\/div>\n<\/div>\n<div class=\"row carousel-conteudo\">\n<div class=\"col-md-24 banner-container-carousel text-right\">\n<div id=\"a0fdf53e-67d3-412c-819f-d94939c3f21f\" class=\"carousel slide\" role=\"carousel\" data-ride=\"carousel\" data-interval=\"5000\">\n<div class=\"carousel-inner\" role=\"listbox\">\n<div class=\"item active\">\n<div id=\"41251cb2-83b9-48dd-8435-95a52a8d4722\" class=\"banner-container col-md-24 col-xs-24 col-sm-24\" style=\"text-align: left;\"><\/div>\n<\/div>\n<\/div>\n<\/div>\n<\/div>\n<\/div>\n","protected":false},"excerpt":{"rendered":"<p>Um homem morreu ap\u00f3s ser baleado na Rua Misael Furtado, no Centro de Argirita, no in\u00edcio da noite nesse domingo, 17.\u00a0Segundo as informa\u00e7\u00f5es obtidas pela reportagem, o homem de 34 anos, professor de educa\u00e7\u00e3o f\u00edsica, apresentava seis perfura\u00e7\u00f5es na regi\u00e3o do peito, duas no bra\u00e7o e uma na m\u00e3o esquerda. A quantidade de tiros n\u00e3o [&hellip;]<\/p>\n","protected":false},"author":96,"featured_media":108208,"comment_status":"closed","ping_status":"closed","sticky":false,"template":"","format":"standard","meta":{"footnotes":""},"categories":[252],"tags":[],"class_list":["post-108207","post","type-post","status-publish","format-standard","has-post-thumbnail","hentry","category-regiao"],"_links":{"self":[{"href":"https:\/\/diarioregionaldigital.com.br\/index.php?rest_route=\/wp\/v2\/posts\/108207","targetHints":{"allow":["GET"]}}],"collection":[{"href":"https:\/\/diarioregionaldigital.com.br\/index.php?rest_route=\/wp\/v2\/posts"}],"about":[{"href":"https:\/\/diarioregionaldigital.com.br\/index.php?rest_route=\/wp\/v2\/types\/post"}],"author":[{"embeddable":true,"href":"https:\/\/diarioregionaldigital.com.br\/index.php?rest_route=\/wp\/v2\/users\/96"}],"replies":[{"embeddable":true,"href":"https:\/\/diarioregionaldigital.com.br\/index.php?rest_route=%2Fwp%2Fv2%2Fcomments&post=108207"}],"version-history":[{"count":0,"href":"https:\/\/diarioregionaldigital.com.br\/index.php?rest_route=\/wp\/v2\/posts\/108207\/revisions"}],"wp:featuredmedia":[{"embeddable":true,"href":"https:\/\/diarioregionaldigital.com.br\/index.php?rest_route=\/wp\/v2\/media\/108208"}],"wp:attachment":[{"href":"https:\/\/diarioregionaldigital.com.br\/index.php?rest_route=%2Fwp%2Fv2%2Fmedia&parent=108207"}],"wp:term":[{"taxonomy":"category","embeddable":true,"href":"https:\/\/diarioregionaldigital.com.br\/index.php?rest_route=%2Fwp%2Fv2%2Fcategories&post=108207"},{"taxonomy":"post_tag","embeddable":true,"href":"https:\/\/diarioregionaldigital.com.br\/index.php?rest_route=%2Fwp%2Fv2%2Ftags&post=108207"}],"curies":[{"name":"wp","href":"https:\/\/api.w.org\/{rel}","templated":true}]}}