{"id":108202,"date":"2018-06-18T09:30:31","date_gmt":"2018-06-18T12:30:31","guid":{"rendered":"http:\/\/diarioregionaljf.com.br\/?p=108202"},"modified":"2018-06-18T12:24:47","modified_gmt":"2018-06-18T15:24:47","slug":"mec-divulga-hoje-resultado-do-sisu","status":"publish","type":"post","link":"https:\/\/diarioregionaldigital.com.br\/?p=108202","title":{"rendered":"MEC divulga hoje resultado do Sisu"},"content":{"rendered":"<p>O Minist\u00e9rio da Educa\u00e7\u00e3o (MEC) divulga nesta segunda-feira, 18, o resultado do Sistema de Sele\u00e7\u00e3o Unificada (Sisu). Nesta edi\u00e7\u00e3o, o programa oferece 57.271 vagas em 68 institui\u00e7\u00f5es p\u00fablicas de ensino superior em todo o pa\u00eds. O resultado ser\u00e1 divulgado na\u00a0<a href=\"http:\/\/www.sisu.mec.gov.br\/\" target=\"_blank\" rel=\"noopener\">p\u00e1gina do programa<\/a> na internet.<\/p>\n<p>Os estudantes selecionados dever\u00e3o fazer a matr\u00edcula nas institui\u00e7\u00f5es de ensino entre 22 e 28 de junho. Aqueles que n\u00e3o foram selecionados poder\u00e3o participar da lista de espera. O prazo para que isso seja feito \u00e9 de 22 a 27 de junho. A convoca\u00e7\u00e3o dos candidatos em lista de espera ser\u00e1 de 3 de julho a 21 de agosto.<\/p>\n<p>Podem concorrer \u00e0s vagas os estudantes que fizeram o Exame Nacional do Ensino M\u00e9dio (Enem) em 2017 e obtiveram nota acima de zero na reda\u00e7\u00e3o.<\/p>\n<p>As vagas ser\u00e3o oferecidas em oito institui\u00e7\u00f5es p\u00fablicas estaduais, uma faculdade p\u00fablica municipal e 59 institui\u00e7\u00f5es p\u00fablicas federais, com dois centros de Educa\u00e7\u00e3o Tecnol\u00f3gica, 27 institutos federais de Educa\u00e7\u00e3o, Ci\u00eancia e Tecnologia e 30 universidades.<\/p>\n<p>&nbsp;<\/p>\n<p>Fonte: Ag\u00eancia Brasil<\/p>\n","protected":false},"excerpt":{"rendered":"<p>O Minist\u00e9rio da Educa\u00e7\u00e3o (MEC) divulga nesta segunda-feira, 18, o resultado do Sistema de Sele\u00e7\u00e3o Unificada (Sisu). Nesta edi\u00e7\u00e3o, o programa oferece 57.271 vagas em 68 institui\u00e7\u00f5es p\u00fablicas de ensino superior em todo o pa\u00eds. O resultado ser\u00e1 divulgado na\u00a0p\u00e1gina do programa na internet. Os estudantes selecionados dever\u00e3o fazer a matr\u00edcula nas institui\u00e7\u00f5es de ensino [&hellip;]<\/p>\n","protected":false},"author":96,"featured_media":99344,"comment_status":"closed","ping_status":"closed","sticky":false,"template":"","format":"standard","meta":{"footnotes":""},"categories":[302],"tags":[],"class_list":["post-108202","post","type-post","status-publish","format-standard","has-post-thumbnail","hentry","category-brasil-mundo"],"_links":{"self":[{"href":"https:\/\/diarioregionaldigital.com.br\/index.php?rest_route=\/wp\/v2\/posts\/108202","targetHints":{"allow":["GET"]}}],"collection":[{"href":"https:\/\/diarioregionaldigital.com.br\/index.php?rest_route=\/wp\/v2\/posts"}],"about":[{"href":"https:\/\/diarioregionaldigital.com.br\/index.php?rest_route=\/wp\/v2\/types\/post"}],"author":[{"embeddable":true,"href":"https:\/\/diarioregionaldigital.com.br\/index.php?rest_route=\/wp\/v2\/users\/96"}],"replies":[{"embeddable":true,"href":"https:\/\/diarioregionaldigital.com.br\/index.php?rest_route=%2Fwp%2Fv2%2Fcomments&post=108202"}],"version-history":[{"count":0,"href":"https:\/\/diarioregionaldigital.com.br\/index.php?rest_route=\/wp\/v2\/posts\/108202\/revisions"}],"wp:featuredmedia":[{"embeddable":true,"href":"https:\/\/diarioregionaldigital.com.br\/index.php?rest_route=\/wp\/v2\/media\/99344"}],"wp:attachment":[{"href":"https:\/\/diarioregionaldigital.com.br\/index.php?rest_route=%2Fwp%2Fv2%2Fmedia&parent=108202"}],"wp:term":[{"taxonomy":"category","embeddable":true,"href":"https:\/\/diarioregionaldigital.com.br\/index.php?rest_route=%2Fwp%2Fv2%2Fcategories&post=108202"},{"taxonomy":"post_tag","embeddable":true,"href":"https:\/\/diarioregionaldigital.com.br\/index.php?rest_route=%2Fwp%2Fv2%2Ftags&post=108202"}],"curies":[{"name":"wp","href":"https:\/\/api.w.org\/{rel}","templated":true}]}}