{"id":108198,"date":"2018-06-18T09:43:55","date_gmt":"2018-06-18T12:43:55","guid":{"rendered":"http:\/\/diarioregionaljf.com.br\/?p=108198"},"modified":"2018-06-18T09:44:22","modified_gmt":"2018-06-18T12:44:22","slug":"motorista-foge-apos-briga-no-transito-e-capota-carro-no-santa-terezinha","status":"publish","type":"post","link":"https:\/\/diarioregionaldigital.com.br\/?p=108198","title":{"rendered":"Motorista foge ap\u00f3s briga no tr\u00e2nsito e capota carro no Santa Terezinha"},"content":{"rendered":"<p>Um carro de passeio capotou ap\u00f3s seu condutor se envolver em uma briga no tr\u00e2nsito e fugir, no bairro Santa Terezinha, zona Nordeste de Juiz de Fora, na tarde desse domingo, 17. O homem, de 34 anos, teria jogado o ve\u00edculo contra o outro envolvido, atropelando-o e evadindo em seguida.<\/p>\n<p>De acordo com a Pol\u00edcia Militar (PM), o motorista relatou que transitava pela Avenida Rui Barbosa, sentido Centro, quando se desentendeu com o condutor de uma caminhonete. Ele alegou que o homem o teria agredido com ajuda de algumas pessoas e que conseguiu entrar em seu carro e fugir.<\/p>\n<p>Durante a fuga, o motorista perdeu o controle do ve\u00edculo de passeio e se chocou contra um terceiro carro, que estava estacionado na Rua Gr\u00e3o Mogol, vindo a capotar.<\/p>\n<p>O condutor da caminhonete compareceu ao local e relatou que realizava a volta em uma rotat\u00f3ria da Avenida Rui Barbosa quando o motorista do carro de passeio aproximou-se em alta velocidade. Ainda conforme o relato, ap\u00f3s discutirem os dois teriam entrado em luta corporal. Na sequ\u00eancia, o motorista do carro teria entrado no ve\u00edculo e o jogado contra o outro envolvido, atropelando-o e fugindo do local sem prestar socorro.<\/p>\n<p>O condutor do carro de passeio n\u00e3o apresentou o Certificado de Registro e Licenciamento de Ve\u00edculo e teve sua carteira de habilita\u00e7\u00e3o recolhida.O autom\u00f3vel foi recolhido por um auto socorro.<\/p>\n<p>Os dois motoristas envolvidos na briga foram submetidos ao teste do baf\u00f4metro, n\u00e3o sendo constatado o consumo de bebida alco\u00f3lica pelos mesmos. Os condutores foram presos em flagrante.<\/p>\n","protected":false},"excerpt":{"rendered":"<p>Um carro de passeio capotou ap\u00f3s seu condutor se envolver em uma briga no tr\u00e2nsito e fugir, no bairro Santa Terezinha, zona Nordeste de Juiz de Fora, na tarde desse domingo, 17. O homem, de 34 anos, teria jogado o ve\u00edculo contra o outro envolvido, atropelando-o e evadindo em seguida. De acordo com a Pol\u00edcia [&hellip;]<\/p>\n","protected":false},"author":96,"featured_media":95836,"comment_status":"closed","ping_status":"closed","sticky":false,"template":"","format":"standard","meta":{"footnotes":""},"categories":[301,439],"tags":[],"class_list":["post-108198","post","type-post","status-publish","format-standard","has-post-thumbnail","hentry","category-artigos-policiais","category-ultima-hora"],"_links":{"self":[{"href":"https:\/\/diarioregionaldigital.com.br\/index.php?rest_route=\/wp\/v2\/posts\/108198","targetHints":{"allow":["GET"]}}],"collection":[{"href":"https:\/\/diarioregionaldigital.com.br\/index.php?rest_route=\/wp\/v2\/posts"}],"about":[{"href":"https:\/\/diarioregionaldigital.com.br\/index.php?rest_route=\/wp\/v2\/types\/post"}],"author":[{"embeddable":true,"href":"https:\/\/diarioregionaldigital.com.br\/index.php?rest_route=\/wp\/v2\/users\/96"}],"replies":[{"embeddable":true,"href":"https:\/\/diarioregionaldigital.com.br\/index.php?rest_route=%2Fwp%2Fv2%2Fcomments&post=108198"}],"version-history":[{"count":0,"href":"https:\/\/diarioregionaldigital.com.br\/index.php?rest_route=\/wp\/v2\/posts\/108198\/revisions"}],"wp:featuredmedia":[{"embeddable":true,"href":"https:\/\/diarioregionaldigital.com.br\/index.php?rest_route=\/wp\/v2\/media\/95836"}],"wp:attachment":[{"href":"https:\/\/diarioregionaldigital.com.br\/index.php?rest_route=%2Fwp%2Fv2%2Fmedia&parent=108198"}],"wp:term":[{"taxonomy":"category","embeddable":true,"href":"https:\/\/diarioregionaldigital.com.br\/index.php?rest_route=%2Fwp%2Fv2%2Fcategories&post=108198"},{"taxonomy":"post_tag","embeddable":true,"href":"https:\/\/diarioregionaldigital.com.br\/index.php?rest_route=%2Fwp%2Fv2%2Ftags&post=108198"}],"curies":[{"name":"wp","href":"https:\/\/api.w.org\/{rel}","templated":true}]}}