{"id":108195,"date":"2018-06-18T09:15:09","date_gmt":"2018-06-18T12:15:09","guid":{"rendered":"http:\/\/diarioregionaljf.com.br\/?p=108195"},"modified":"2018-06-18T09:15:09","modified_gmt":"2018-06-18T12:15:09","slug":"2-jovens-sao-baleados-em-muriae-e-um-deles-morre-a-caminho-do-hospital","status":"publish","type":"post","link":"https:\/\/diarioregionaldigital.com.br\/?p=108195","title":{"rendered":"2 jovens s\u00e3o baleados em Muria\u00e9 e um deles morre a caminho do hospital"},"content":{"rendered":"<p>Um jovem de 25 anos morreu e um adolescente de 17 ficou ferido, v\u00edtimas de um atentado a tiros cometido no bairro Santa Terezinha, em Muria\u00e9, no fim da tarde deste domingo, 17. O rapaz de 25 anos, foi atingido com tr\u00eas tiros e morreu a caminho do Hospital S\u00e3o Paulo (HSP). Ele foi baleado em sua casa, na rua Miradouro, onde havia acabado de assistir a estreia da sele\u00e7\u00e3o brasileira na Copa do Mundo de futebol, na companhia de familiares e amigos, entre eles o menor ferido.<\/p>\n<p>A pol\u00edcia militar disse que segundo informa\u00e7\u00f5es de testemunhas, o crime foi cometido pelo passageiro de uma motocicleta Honda Bros, vermelha e branca. A PM chegou a identifica\u00e7\u00e3o de um suspeito que at\u00e9 o registro da ocorr\u00eancia n\u00e3o foi localizado.<\/p>\n<p>As v\u00edtimas foram socorridas por populares e, de acordo com o Boletim de Ocorr\u00eancia da Pol\u00edcia Militar (PM), o homem que morreu foi atingido no rosto, t\u00f3rax e perna, e que ao dar entrada no Pronto Socorro seu \u00f3bito foi constatado pelo m\u00e9dico plantonista. J\u00e1 o menor foi baleado no abdome e encaminhado para cirurgia. Conforme os militares, o estado de sa\u00fade dele n\u00e3o \u00e9 grave.<\/p>\n<p>Tamb\u00e9m foi hospitalizada uma jovem que estava na resid\u00eancia onde o crime aconteceu e que, segundo a pol\u00edcia, lesionou um dos tornozelos ao pular de uma escada para se proteger dos tiros.<\/p>\n<p>De acordo com o registro da PM, no total foram encontradas oito capsulas calibre 380 no local do atentado. Cinco delas foram recolhidas pela per\u00edcia da Pol\u00edcia Civil (PC) e tr\u00eas achadas e entregues por populares.<\/p>\n<p>At\u00e9 o fechamento desta mat\u00e9ria n\u00e3o havia informa\u00e7\u00f5es oficiais sobre a poss\u00edvel motiva\u00e7\u00e3o do crime, cuja investiga\u00e7\u00e3o ficar\u00e1 sob responsabilidade da Delegacia de Homic\u00eddios da 4\u00aa Delegacia Regional da PC em Muria\u00e9.<\/p>\n<p>&nbsp;<\/p>\n<p>Fonte: R\u00e1dio Muria\u00e9<\/p>\n<p>&nbsp;<\/p>\n","protected":false},"excerpt":{"rendered":"<p>Um jovem de 25 anos morreu e um adolescente de 17 ficou ferido, v\u00edtimas de um atentado a tiros cometido no bairro Santa Terezinha, em Muria\u00e9, no fim da tarde deste domingo, 17. O rapaz de 25 anos, foi atingido com tr\u00eas tiros e morreu a caminho do Hospital S\u00e3o Paulo (HSP). Ele foi baleado [&hellip;]<\/p>\n","protected":false},"author":96,"featured_media":108199,"comment_status":"closed","ping_status":"closed","sticky":false,"template":"","format":"standard","meta":{"footnotes":""},"categories":[252],"tags":[],"class_list":["post-108195","post","type-post","status-publish","format-standard","has-post-thumbnail","hentry","category-regiao"],"_links":{"self":[{"href":"https:\/\/diarioregionaldigital.com.br\/index.php?rest_route=\/wp\/v2\/posts\/108195","targetHints":{"allow":["GET"]}}],"collection":[{"href":"https:\/\/diarioregionaldigital.com.br\/index.php?rest_route=\/wp\/v2\/posts"}],"about":[{"href":"https:\/\/diarioregionaldigital.com.br\/index.php?rest_route=\/wp\/v2\/types\/post"}],"author":[{"embeddable":true,"href":"https:\/\/diarioregionaldigital.com.br\/index.php?rest_route=\/wp\/v2\/users\/96"}],"replies":[{"embeddable":true,"href":"https:\/\/diarioregionaldigital.com.br\/index.php?rest_route=%2Fwp%2Fv2%2Fcomments&post=108195"}],"version-history":[{"count":0,"href":"https:\/\/diarioregionaldigital.com.br\/index.php?rest_route=\/wp\/v2\/posts\/108195\/revisions"}],"wp:featuredmedia":[{"embeddable":true,"href":"https:\/\/diarioregionaldigital.com.br\/index.php?rest_route=\/wp\/v2\/media\/108199"}],"wp:attachment":[{"href":"https:\/\/diarioregionaldigital.com.br\/index.php?rest_route=%2Fwp%2Fv2%2Fmedia&parent=108195"}],"wp:term":[{"taxonomy":"category","embeddable":true,"href":"https:\/\/diarioregionaldigital.com.br\/index.php?rest_route=%2Fwp%2Fv2%2Fcategories&post=108195"},{"taxonomy":"post_tag","embeddable":true,"href":"https:\/\/diarioregionaldigital.com.br\/index.php?rest_route=%2Fwp%2Fv2%2Ftags&post=108195"}],"curies":[{"name":"wp","href":"https:\/\/api.w.org\/{rel}","templated":true}]}}