{"id":108187,"date":"2018-06-18T08:41:13","date_gmt":"2018-06-18T11:41:13","guid":{"rendered":"http:\/\/diarioregionaljf.com.br\/?p=108187"},"modified":"2018-06-18T08:46:54","modified_gmt":"2018-06-18T11:46:54","slug":"bolsa-familia-413-novos-beneficiarios-sao-contemplados-em-junho","status":"publish","type":"post","link":"https:\/\/diarioregionaldigital.com.br\/?p=108187","title":{"rendered":"\u201cBolsa Fam\u00edlia\u201d: 413 novos benefici\u00e1rios s\u00e3o contemplados em junho"},"content":{"rendered":"<p>O Departamento de Transfer\u00eancia de Renda (DTR) da Secretaria de Desenvolvimento Social (SDS) da Prefeitura de Juiz de Fora (PJF) divulgou nesta sexta-feira, 15, os nomes dos 413 novos benefici\u00e1rios do programa \u201cBolsa Fam\u00edlia\u201d, inclu\u00eddos em junho. Atualmente, 12.927 fam\u00edlias participam do programa na cidade. Para receber o benef\u00edcio, os contemplados dever\u00e3o comparecer \u00e0 ag\u00eancia da Caixa Econ\u00f4mica Federal, na Avenida Rio Branco, 2.340, Centro, com o N\u00famero de Inscri\u00e7\u00e3o Social (NIS) e documento com foto. O calend\u00e1rio de pagamentos do \u201cBolsa Fam\u00edlia\u201d est\u00e1 dispon\u00edvel para acesso no site da Caixa. Para participar do programa, os interessados devem se inscrever no Cadastro \u00danico (Cad\u00danico), comparecendo na SDS, Rua Halfeld, 450, 4\u00ba andar, Centro, portando original e c\u00f3pia dos seguintes documentos:<\/p>\n<p>&#8211; Cadastro de Pessoa F\u00edsica (CPF) e t\u00edtulo de eleitor de todos os adultos da casa;<br \/>\n&#8211; Carteira de trabalho de todos os adultos da casa;<br \/>\n&#8211; Certid\u00e3o de nascimento das crian\u00e7as da casa;<br \/>\n&#8211; Comprovante de renda (contracheque, declara\u00e7\u00e3o ou extrato banc\u00e1rio);<br \/>\n&#8211; Conta de luz ou telefone;<br \/>\n&#8211; Declara\u00e7\u00e3o escolar.<\/p>\n<p>Al\u00e9m do \u201cBolsa Fam\u00edlia\u201d, com o Cad\u00danico o participante poder\u00e1 ter acesso a descontos na conta de luz e \u00e1gua e efetuar inscri\u00e7\u00e3o no Curso Preparat\u00f3rio para Concursos (CPC). Para tirar d\u00favidas e obter informa\u00e7\u00f5es sobre o programa, o telefone de contato \u00e9 o 3690-8467. Confira, no anexo, a lista de novos benefici\u00e1rios.<\/p>\n<p><a href=\"https:\/\/www.pjf.mg.gov.br\/noticias\/anexo\/bolsa_familia.pdf\">Anexo<\/a><\/p>\n<p>&nbsp;<\/p>\n<p>Fonte: Assessoria.<\/p>\n","protected":false},"excerpt":{"rendered":"<p>O Departamento de Transfer\u00eancia de Renda (DTR) da Secretaria de Desenvolvimento Social (SDS) da Prefeitura de Juiz de Fora (PJF) divulgou nesta sexta-feira, 15, os nomes dos 413 novos benefici\u00e1rios do programa \u201cBolsa Fam\u00edlia\u201d, inclu\u00eddos em junho. Atualmente, 12.927 fam\u00edlias participam do programa na cidade. Para receber o benef\u00edcio, os contemplados dever\u00e3o comparecer \u00e0 ag\u00eancia [&hellip;]<\/p>\n","protected":false},"author":96,"featured_media":108189,"comment_status":"closed","ping_status":"closed","sticky":false,"template":"","format":"standard","meta":{"footnotes":""},"categories":[253],"tags":[],"class_list":["post-108187","post","type-post","status-publish","format-standard","has-post-thumbnail","hentry","category-cidade"],"_links":{"self":[{"href":"https:\/\/diarioregionaldigital.com.br\/index.php?rest_route=\/wp\/v2\/posts\/108187","targetHints":{"allow":["GET"]}}],"collection":[{"href":"https:\/\/diarioregionaldigital.com.br\/index.php?rest_route=\/wp\/v2\/posts"}],"about":[{"href":"https:\/\/diarioregionaldigital.com.br\/index.php?rest_route=\/wp\/v2\/types\/post"}],"author":[{"embeddable":true,"href":"https:\/\/diarioregionaldigital.com.br\/index.php?rest_route=\/wp\/v2\/users\/96"}],"replies":[{"embeddable":true,"href":"https:\/\/diarioregionaldigital.com.br\/index.php?rest_route=%2Fwp%2Fv2%2Fcomments&post=108187"}],"version-history":[{"count":0,"href":"https:\/\/diarioregionaldigital.com.br\/index.php?rest_route=\/wp\/v2\/posts\/108187\/revisions"}],"wp:featuredmedia":[{"embeddable":true,"href":"https:\/\/diarioregionaldigital.com.br\/index.php?rest_route=\/wp\/v2\/media\/108189"}],"wp:attachment":[{"href":"https:\/\/diarioregionaldigital.com.br\/index.php?rest_route=%2Fwp%2Fv2%2Fmedia&parent=108187"}],"wp:term":[{"taxonomy":"category","embeddable":true,"href":"https:\/\/diarioregionaldigital.com.br\/index.php?rest_route=%2Fwp%2Fv2%2Fcategories&post=108187"},{"taxonomy":"post_tag","embeddable":true,"href":"https:\/\/diarioregionaldigital.com.br\/index.php?rest_route=%2Fwp%2Fv2%2Ftags&post=108187"}],"curies":[{"name":"wp","href":"https:\/\/api.w.org\/{rel}","templated":true}]}}