{"id":108181,"date":"2018-06-18T08:17:45","date_gmt":"2018-06-18T11:17:45","guid":{"rendered":"http:\/\/diarioregionaljf.com.br\/?p=108181"},"modified":"2018-06-18T08:18:25","modified_gmt":"2018-06-18T11:18:25","slug":"motociclista-tem-veiculo-roubado-ao-parar-em-sinal-na-cidade-alta","status":"publish","type":"post","link":"https:\/\/diarioregionaldigital.com.br\/?p=108181","title":{"rendered":"Motociclista tem ve\u00edculo roubado ao parar em sinal na Cidade Alta"},"content":{"rendered":"<p>Um homem de 41 anos teve sua moto roubada ao parar em um sem\u00e1foro na Avenida Presidente Costa e Silva, altura do bairro Santana, Cidade Alta, na noite desse domingo, 17.<\/p>\n<p>A v\u00edtima relatou \u00e0 Pol\u00edcia Militar (PM) que ao parar no sinal foi abordada por dois indiv\u00edduos em outra moto, estando o carona armado com um rev\u00f3lver. O autor anunciou o assalto e roubou a motocicleta do homem. Ap\u00f3s a a\u00e7\u00e3o a dupla fugiu em sentido ao campus da UFJF.<\/p>\n<p>Os profissionais do sistema &#8216;Olho Vivo&#8221; foram acionados para monitorar os autores e os militares fizeram rastreamento, mas a dupla n\u00e3o foi localizada.<\/p>\n","protected":false},"excerpt":{"rendered":"<p>Um homem de 41 anos teve sua moto roubada ao parar em um sem\u00e1foro na Avenida Presidente Costa e Silva, altura do bairro Santana, Cidade Alta, na noite desse domingo, 17. A v\u00edtima relatou \u00e0 Pol\u00edcia Militar (PM) que ao parar no sinal foi abordada por dois indiv\u00edduos em outra moto, estando o carona armado [&hellip;]<\/p>\n","protected":false},"author":96,"featured_media":95836,"comment_status":"closed","ping_status":"closed","sticky":false,"template":"","format":"standard","meta":{"footnotes":""},"categories":[301,439],"tags":[],"class_list":["post-108181","post","type-post","status-publish","format-standard","has-post-thumbnail","hentry","category-artigos-policiais","category-ultima-hora"],"_links":{"self":[{"href":"https:\/\/diarioregionaldigital.com.br\/index.php?rest_route=\/wp\/v2\/posts\/108181","targetHints":{"allow":["GET"]}}],"collection":[{"href":"https:\/\/diarioregionaldigital.com.br\/index.php?rest_route=\/wp\/v2\/posts"}],"about":[{"href":"https:\/\/diarioregionaldigital.com.br\/index.php?rest_route=\/wp\/v2\/types\/post"}],"author":[{"embeddable":true,"href":"https:\/\/diarioregionaldigital.com.br\/index.php?rest_route=\/wp\/v2\/users\/96"}],"replies":[{"embeddable":true,"href":"https:\/\/diarioregionaldigital.com.br\/index.php?rest_route=%2Fwp%2Fv2%2Fcomments&post=108181"}],"version-history":[{"count":0,"href":"https:\/\/diarioregionaldigital.com.br\/index.php?rest_route=\/wp\/v2\/posts\/108181\/revisions"}],"wp:featuredmedia":[{"embeddable":true,"href":"https:\/\/diarioregionaldigital.com.br\/index.php?rest_route=\/wp\/v2\/media\/95836"}],"wp:attachment":[{"href":"https:\/\/diarioregionaldigital.com.br\/index.php?rest_route=%2Fwp%2Fv2%2Fmedia&parent=108181"}],"wp:term":[{"taxonomy":"category","embeddable":true,"href":"https:\/\/diarioregionaldigital.com.br\/index.php?rest_route=%2Fwp%2Fv2%2Fcategories&post=108181"},{"taxonomy":"post_tag","embeddable":true,"href":"https:\/\/diarioregionaldigital.com.br\/index.php?rest_route=%2Fwp%2Fv2%2Ftags&post=108181"}],"curies":[{"name":"wp","href":"https:\/\/api.w.org\/{rel}","templated":true}]}}