{"id":108164,"date":"2018-06-18T07:40:36","date_gmt":"2018-06-18T10:40:36","guid":{"rendered":"http:\/\/diarioregionaljf.com.br\/?p=108164"},"modified":"2018-06-18T07:41:52","modified_gmt":"2018-06-18T10:41:52","slug":"minas-gerais-reconhece-as-violas-como-patrimonio-cultural-do-estado","status":"publish","type":"post","link":"https:\/\/diarioregionaldigital.com.br\/?p=108164","title":{"rendered":"Minas Gerais reconhece as violas como patrim\u00f4nio cultural do estado"},"content":{"rendered":"<p>O Conselho Estadual do Patrim\u00f4nio Cultural (Conep) aprovou o Registro dos Saberes, Linguagens e Express\u00f5es Musicais da Viola em Minas Gerais como patrim\u00f4nio cultural imaterial. A preserva\u00e7\u00e3o desses elementos tem grande import\u00e2ncia pelos seus valores hist\u00f3ricos, socioculturais e identit\u00e1rio para o estado. O reconhecimento possibilita preservar, valorizar e compreender o universo das violas.<\/p>\n<p>A import\u00e2ncia desse registro \u00e9 destacada pelo secret\u00e1rio de Estado de Cultura, Angelo Oswaldo, que v\u00ea no trabalho das equipes do <a href=\"http:\/\/www.iepha.mg.gov.br\/\" target=\"_blank\" rel=\"noopener\">Instituto Estadual do Patrim\u00f4nio Hist\u00f3rico e Art\u00edstico de Minas Gerais (Iepha-MG)<\/a> mais uma contribui\u00e7\u00e3o relevante para o reconhecimento e a salvaguarda do patrim\u00f4nio imaterial mineiro. \u201c\u00c9 empolgante o n\u00famero de m\u00fasicos e luthiers envolvidos, cada qual revelando detalhes distintos de um verdadeiro universo de criatividade\u201d, diz o secret\u00e1rio.<\/p>\n<p>Para a presidente do Iepha-MG, Michele Arroyo, os toques da viola ajudam a conhecer e reconhecer as diferentes Minas Gerais, com suas variadas regi\u00f5es, cren\u00e7as e valores, ao passo que sintetiza a ess\u00eancia cultural do estado ao se fazer presente em contextos os mais diversos.<\/p>\n<p>\u201cCom o reconhecimento da import\u00e2ncia da viola como patrim\u00f4nio de Minas Gerais, inicia-se uma nova etapa no trabalho do Iepha, que se volta, agora, para a constru\u00e7\u00e3o de pol\u00edticas p\u00fablicas de salvaguarda e valoriza\u00e7\u00e3o do saberes e express\u00f5es culturais diretamente relacionadas \u00e0 tradi\u00e7\u00e3o deste instrumento t\u00e3o ligado \u00e0s tradi\u00e7\u00f5es mineiras\u201d, enfatiza Michele Arroyo.<\/p>\n<p>A diretora de Prote\u00e7\u00e3o e Mem\u00f3ria do Instituto, Fran\u00e7oise Jean, ressalta que \u201ca m\u00fasica da viola possui uma capacidade de mobiliza\u00e7\u00e3o de sentimentos, de ativa\u00e7\u00e3o de mem\u00f3rias, de cria\u00e7\u00e3o de conex\u00e3o entre o mundo rural e a moderna metr\u00f3pole, entre tempos passados e o presente, entre pais e filhos, entre a cultura profana e as express\u00f5es do sagrado\u201d.<\/p>\n<p>Fran\u00e7oise acrescenta ainda que o ritmo da viola, ao assumir a fun\u00e7\u00e3o de mediadora de sentidos, apresenta claro valor de identidade e de mem\u00f3ria para sociedade mineira.<\/p>\n<p>Segundo a gerente de Patrim\u00f4nio Imaterial do Iepha-MG, Debora Raiza, o som da viola comp\u00f5e a paisagem sonora de Minas Gerais da mesma forma que nossos sotaques e sons caracter\u00edsticos. \u201cA viola est\u00e1 presente no Brasil todo, mas em cada lugar ela tem um espa\u00e7o de reprodu\u00e7\u00e3o pr\u00f3prio daquele contexto\u201d, ressalta.<\/p>\n<p>Para Debora, este \u00e9 um momento de valoriza\u00e7\u00e3o dessa cultura t\u00e3o importante para o estado. \u201cEm Minas Gerais, ela est\u00e1 presente em express\u00f5es art\u00edsticas como o congado, a folia, a catira, a roda de viola, a Dan\u00e7a de S\u00e3o Gon\u00e7alo e o batuque. Raramente essas express\u00f5es ocorrem sem a presen\u00e7a da viola\u201d, afirma Debora.<\/p>\n<p>O Registro dos Saberes, Linguagens e Express\u00f5es Musicais da Viola em Minas Gerais passa a integrar o conjunto dos bens culturais reconhecidos como patrim\u00f4nio de natureza imaterial do estado: O Modo de Fazer o Queijo Artesanal da Regi\u00e3o do Serro (2002), Comunidade dos Arturos, de Contagem (2013), Festa de Nossa Senhora do Ros\u00e1rio dos Homens Pretos de Chapada do Norte (2014) e as Folias de Minas (2017).<\/p>\n<p>&nbsp;<\/p>\n<p><span style=\"font-size: 12pt;\"><strong>SEMIN\u00c1RIO<\/strong><\/span><\/p>\n<p>Em maio de 2017, como parte do invent\u00e1rio, foi realizado pelo Iepha-MG, o semin\u00e1rio \u201cViolas: modos de fazer e o tocar em Minas\u201d. Durante dois dias, no audit\u00f3rio do BDMG Cultural, se reuniram, para um grande debate, pesquisadores, violeiros tradicionais e pessoas que trabalham o tema.<\/p>\n<p>O semin\u00e1rio foi fundamental para delinear que o registro seria sobre os modos de fazer do universo das violas, suas linguagens e express\u00f5es musicais. Dos saberes, foram considerados tanto a preserva\u00e7\u00e3o do conhecimento de tocar como o de fabricar a viola. Das linguagens, o c\u00f3digo compartilhado das afina\u00e7\u00f5es e ritmos. E das express\u00f5es musicais, todas aquelas em que a viola est\u00e1 presente.<\/p>\n<p>&nbsp;<\/p>\n<p><span style=\"font-size: 12pt;\"><strong>RESULTADOS DO CADASTRO<\/strong><\/span><\/p>\n<p>Uma plataforma de cadastro foi disponibilizada no site do Iepha-MG, na qual foram cadastrados mais de 1.350 violeiros e 90 fazedores de viola. Para fins de an\u00e1lise foram considerados os cadastros realizados at\u00e9 o m\u00eas de janeiro de 2018, e novos cadastros continuam a ser recebidos. A proposta \u00e9 que a plataforma permane\u00e7a aberta continuamente.<\/p>\n<p>O formul\u00e1rio de cadastro foi elaborado pela equipe da Diretoria de Prote\u00e7\u00e3o e Mem\u00f3ria do Instituto com o aux\u00edlio de violeiros e construtores de viola a partir de suas percep\u00e7\u00f5es e viv\u00eancias. O mapeamento foi lan\u00e7ado em mar\u00e7o do ano passado no site do Iepha-MG e permanece dispon\u00edvel no <a href=\"http:\/\/www.iepha.mg.gov.br\/\" target=\"_blank\" rel=\"noopener\">endere\u00e7o eletr\u00f4nico do Instituto<\/a>.<\/p>\n<p>A partir das respostas do cadastro e de\u00a0 pesquisas de campo em v\u00e1rias regi\u00f5es de Minas, foi feito um mapeamento dos fazedores e violeiros, identificando os muitos aspectos relativos \u00e0s suas formas de tocar e de fazer a viola, al\u00e9m de um invent\u00e1rio das express\u00f5es e celebra\u00e7\u00f5es culturais que tem a viola como um dos elementos estruturantes.<\/p>\n<p>Ap\u00f3s a an\u00e1lise, identificou-se em Minas Gerais a exist\u00eancia de\u00a0 mais de 30 ritmos diferentes, a maioria pertencente ao universo de ritmos da chamada \u201cm\u00fasica caipira\u201d, com destaque para o pagode.<\/p>\n<p>Alguns violeiros e violeiras tamb\u00e9m apontaram como ritmos congado, folia, batuque, catira, cururu, lundu e chula, que se referem \u00e0s bases r\u00edtmicas das express\u00f5es culturais correspondentes. Os tocadores tamb\u00e9m apontaram ritmos mais comuns no Norte de Minas, mais conhecidos como toques, tais como inhuma, ludovina, lundu e on\u00e7a.<\/p>\n<p>Quanto \u00e0 distribui\u00e7\u00e3o dos violeiros no territ\u00f3rio de Minas Gerais, a primeira posi\u00e7\u00e3o em que se concentra a maioria dos violeiros \u00e9 ocupada pelas regi\u00f5es do Sul\/Sudoeste de Minas e do Tri\u00e2ngulo Mineiro\/Alto Parana\u00edba, ambos com 21%.<\/p>\n<p>Em seguida tem-se a Regi\u00e3o Metropolitana de Belo Horizonte &#8211; RMBH (19%), a Zona da Mata (8%) e o Norte de Minas, a Central Mineira e o Campo das Vertentes cada uma com 6%. As demais mesorregi\u00f5es apresentaram um n\u00famero consideravelmente menor de cadastros: Oeste de Minas e Jequitinhonha (4%), Vale do Rio Doce (3%), Noroeste de Minas (2%) e Vale do Mucuri (1%).<\/p>\n<p>O resultado do mapeamento realizado pelo Iepha-MG contribuiu para a instru\u00e7\u00e3o do processo de Registro dos Saberes, Linguagens e Express\u00f5es Musicais da Viola em Minas Gerais. Esse estudo demonstra a presen\u00e7a significativa das violas nas principais express\u00f5es culturais de Minas Gerais, dentre elas a Folia de Reis, bem cultural imaterial tamb\u00e9m registrado pelo Iepha-MG.<\/p>\n<p>&nbsp;<\/p>\n<p>Fonte: Assessoria Governo de Minas<\/p>\n<p>&nbsp;<\/p>\n","protected":false},"excerpt":{"rendered":"<p>O Conselho Estadual do Patrim\u00f4nio Cultural (Conep) aprovou o Registro dos Saberes, Linguagens e Express\u00f5es Musicais da Viola em Minas Gerais como patrim\u00f4nio cultural imaterial. A preserva\u00e7\u00e3o desses elementos tem grande import\u00e2ncia pelos seus valores hist\u00f3ricos, socioculturais e identit\u00e1rio para o estado. O reconhecimento possibilita preservar, valorizar e compreender o universo das violas. A import\u00e2ncia [&hellip;]<\/p>\n","protected":false},"author":96,"featured_media":108165,"comment_status":"closed","ping_status":"closed","sticky":false,"template":"","format":"standard","meta":{"footnotes":""},"categories":[256],"tags":[],"class_list":["post-108164","post","type-post","status-publish","format-standard","has-post-thumbnail","hentry","category-cultura"],"_links":{"self":[{"href":"https:\/\/diarioregionaldigital.com.br\/index.php?rest_route=\/wp\/v2\/posts\/108164","targetHints":{"allow":["GET"]}}],"collection":[{"href":"https:\/\/diarioregionaldigital.com.br\/index.php?rest_route=\/wp\/v2\/posts"}],"about":[{"href":"https:\/\/diarioregionaldigital.com.br\/index.php?rest_route=\/wp\/v2\/types\/post"}],"author":[{"embeddable":true,"href":"https:\/\/diarioregionaldigital.com.br\/index.php?rest_route=\/wp\/v2\/users\/96"}],"replies":[{"embeddable":true,"href":"https:\/\/diarioregionaldigital.com.br\/index.php?rest_route=%2Fwp%2Fv2%2Fcomments&post=108164"}],"version-history":[{"count":0,"href":"https:\/\/diarioregionaldigital.com.br\/index.php?rest_route=\/wp\/v2\/posts\/108164\/revisions"}],"wp:featuredmedia":[{"embeddable":true,"href":"https:\/\/diarioregionaldigital.com.br\/index.php?rest_route=\/wp\/v2\/media\/108165"}],"wp:attachment":[{"href":"https:\/\/diarioregionaldigital.com.br\/index.php?rest_route=%2Fwp%2Fv2%2Fmedia&parent=108164"}],"wp:term":[{"taxonomy":"category","embeddable":true,"href":"https:\/\/diarioregionaldigital.com.br\/index.php?rest_route=%2Fwp%2Fv2%2Fcategories&post=108164"},{"taxonomy":"post_tag","embeddable":true,"href":"https:\/\/diarioregionaldigital.com.br\/index.php?rest_route=%2Fwp%2Fv2%2Ftags&post=108164"}],"curies":[{"name":"wp","href":"https:\/\/api.w.org\/{rel}","templated":true}]}}