{"id":108144,"date":"2018-06-17T06:00:43","date_gmt":"2018-06-17T09:00:43","guid":{"rendered":"http:\/\/diarioregionaljf.com.br\/?p=108144"},"modified":"2018-06-15T19:41:36","modified_gmt":"2018-06-15T22:41:36","slug":"interessados-podem-se-inscrever-no-premio-oddone-turolla-ate-o-final-do-mes","status":"publish","type":"post","link":"https:\/\/diarioregionaldigital.com.br\/?p=108144","title":{"rendered":"Interessados podem se inscrever no Pr\u00eamio Oddone Turolla at\u00e9 o final do m\u00eas"},"content":{"rendered":"<p>As inscri\u00e7\u00f5es para a segunda edi\u00e7\u00e3o do Pr\u00eamio Oddone Turolla de Jornalismo, criado pelo Sindicato do Com\u00e9rcio de Juiz de Fora (Sindicom\u00e9rcio-JF), ainda est\u00e3o abertas e terminam no final do m\u00eas, 30 de junho. O pr\u00eamio visa destacar a import\u00e2ncia da imprensa, dos jornalistas e dos futuros profissionais da \u00e1rea.<\/p>\n<p>\u201cA proposta do pr\u00eamio \u00e9 justamente a valoriza\u00e7\u00e3o do profissional de jornalismo. O Sindicom\u00e9rcio acredita que o jornalismo \u00e9 a fonte propulsora das informa\u00e7\u00f5es dos nossos associados. O que est\u00e1 acontecendo, quais s\u00e3o as novidades, as not\u00edcias boas e ruins do com\u00e9rcio. Sobretudo, a gente cr\u00ea que a valoriza\u00e7\u00e3o desses profissionais \u00e9 muito importe para informa\u00e7\u00e3o, como um todo, coisa que n\u00e3o h\u00e1 em Juiz de Fora h\u00e1 algum tempo\u201d, ressaltou Dennis Orrur Cerqueira, integrante da comiss\u00e3o organizadora.<\/p>\n<p>Cerqueira afirmou que a edi\u00e7\u00e3o do ano passado teve um resultado positivo e que a organiza\u00e7\u00e3o espera um sucesso maior em 2018. \u201c\u00c9 um evento voltado para os jornalistas, n\u00e3o tem outro motivo. No ano passado, tivemos 180 convidados e cerca de 140 eram jornalistas. Geralmente, as pessoas fazem um evento e o protagonista fica escondido. No nosso, como em 2017, as estrelas da noite s\u00e3o os jornalistas. Isso que deu credibilidade ao pr\u00eamio\u201d, destacou.<\/p>\n<p>O tema deste ano busca um novo olhar sobre a inova\u00e7\u00e3o e tecnologia no munic\u00edpio, em que ser\u00e3o premiadas as melhores mat\u00e9rias sobre o t\u00f3pico.\u00a0 As inscri\u00e7\u00f5es poder\u00e3o ser realizadas atrav\u00e9s do site: www.premio.sindicatodocomercio.org.br\/. Concorrer\u00e3o ao Pr\u00eamio Oddone Turolla de Jornalismo trabalhos in\u00e9ditos ou veiculados pela imprensa entre os dias 1\u00ba de outubro de 2017 e 30 de junho de 2018, per\u00edodo determinado pela Comiss\u00e3o Organizadora.<\/p>\n<p>\u201cFica o convite do Sindicom\u00e9rcio a todos os jornalistas e estudantes que amam esta profiss\u00e3o. Valorize este momento, em que o mercado esta a procura de talentos. Todos os ve\u00edculos est\u00e3o de olho e o pr\u00eamio pode ser uma porta de entrada para um futuro grandioso no mundo da comunica\u00e7\u00e3o\u201d, finalizou o integrante da comiss\u00e3o organizadora.<\/p>\n","protected":false},"excerpt":{"rendered":"<p>As inscri\u00e7\u00f5es para a segunda edi\u00e7\u00e3o do Pr\u00eamio Oddone Turolla de Jornalismo, criado pelo Sindicato do Com\u00e9rcio de Juiz de Fora (Sindicom\u00e9rcio-JF), ainda est\u00e3o abertas e terminam no final do m\u00eas, 30 de junho. O pr\u00eamio visa destacar a import\u00e2ncia da imprensa, dos jornalistas e dos futuros profissionais da \u00e1rea. \u201cA proposta do pr\u00eamio \u00e9 [&hellip;]<\/p>\n","protected":false},"author":96,"featured_media":105098,"comment_status":"closed","ping_status":"closed","sticky":false,"template":"","format":"standard","meta":{"footnotes":""},"categories":[253,440,439],"tags":[],"class_list":["post-108144","post","type-post","status-publish","format-standard","has-post-thumbnail","hentry","category-cidade","category-destaques-do-dia","category-ultima-hora"],"_links":{"self":[{"href":"https:\/\/diarioregionaldigital.com.br\/index.php?rest_route=\/wp\/v2\/posts\/108144","targetHints":{"allow":["GET"]}}],"collection":[{"href":"https:\/\/diarioregionaldigital.com.br\/index.php?rest_route=\/wp\/v2\/posts"}],"about":[{"href":"https:\/\/diarioregionaldigital.com.br\/index.php?rest_route=\/wp\/v2\/types\/post"}],"author":[{"embeddable":true,"href":"https:\/\/diarioregionaldigital.com.br\/index.php?rest_route=\/wp\/v2\/users\/96"}],"replies":[{"embeddable":true,"href":"https:\/\/diarioregionaldigital.com.br\/index.php?rest_route=%2Fwp%2Fv2%2Fcomments&post=108144"}],"version-history":[{"count":0,"href":"https:\/\/diarioregionaldigital.com.br\/index.php?rest_route=\/wp\/v2\/posts\/108144\/revisions"}],"wp:featuredmedia":[{"embeddable":true,"href":"https:\/\/diarioregionaldigital.com.br\/index.php?rest_route=\/wp\/v2\/media\/105098"}],"wp:attachment":[{"href":"https:\/\/diarioregionaldigital.com.br\/index.php?rest_route=%2Fwp%2Fv2%2Fmedia&parent=108144"}],"wp:term":[{"taxonomy":"category","embeddable":true,"href":"https:\/\/diarioregionaldigital.com.br\/index.php?rest_route=%2Fwp%2Fv2%2Fcategories&post=108144"},{"taxonomy":"post_tag","embeddable":true,"href":"https:\/\/diarioregionaldigital.com.br\/index.php?rest_route=%2Fwp%2Fv2%2Ftags&post=108144"}],"curies":[{"name":"wp","href":"https:\/\/api.w.org\/{rel}","templated":true}]}}