{"id":108126,"date":"2018-06-17T06:00:51","date_gmt":"2018-06-17T09:00:51","guid":{"rendered":"http:\/\/diarioregionaljf.com.br\/?p=108126"},"modified":"2018-08-13T20:26:46","modified_gmt":"2018-08-13T23:26:46","slug":"prefeitura-municipal-de-tocantins-17-06-18","status":"publish","type":"post","link":"https:\/\/diarioregionaldigital.com.br\/?p=108126","title":{"rendered":"Prefeitura Municipal de Tocantins 17\/06\/18"},"content":{"rendered":"<p style=\"text-align: center;\"><strong>PREFEITURA MUNICIPAL DE TOCANTINS<\/strong><\/p>\n<p style=\"text-align: center;\"><strong>TOMADA DE PRE\u00c7OS 002\/2018<\/strong><\/p>\n<p style=\"text-align: center;\">A Comiss\u00e3o permanente de Licita\u00e7\u00e3o serve do presente para intimar o licitante ANDRADE, SCORALICK &amp; PINHO SOCIEDADES DE ADVOGADOS, inscrita no CNPJ sob o n\u00ba 15.770.462\/0001-65, que encontra-se aberto o prazo legal, a partir da presente, para impugna\u00e7\u00e3o do recurso interposto pelo licitante DR. DAVI BARBIERI SOCIEDADE DE ADVOGADOS, inscrita no CNPJ sob o n\u00ba 12.545.747\/0001-04, nos termos do artigo 109, \u00a7 3\u00ba da Lei de Licita\u00e7\u00f5es. Tocantins (MG), 14 de junho de 2018. CPL\/ Prefeitura Municipal de Tocantins.<\/p>\n","protected":false},"excerpt":{"rendered":"<p>PREFEITURA MUNICIPAL DE TOCANTINS TOMADA DE PRE\u00c7OS 002\/2018 A Comiss\u00e3o permanente de Licita\u00e7\u00e3o serve do presente para intimar o licitante ANDRADE, SCORALICK &amp; PINHO SOCIEDADES DE ADVOGADOS, inscrita no CNPJ sob o n\u00ba 15.770.462\/0001-65, que encontra-se aberto o prazo legal, a partir da presente, para impugna\u00e7\u00e3o do recurso interposto pelo licitante DR. DAVI BARBIERI SOCIEDADE [&hellip;]<\/p>\n","protected":false},"author":96,"featured_media":0,"comment_status":"closed","ping_status":"closed","sticky":false,"template":"","format":"standard","meta":{"footnotes":""},"categories":[307],"tags":[],"class_list":["post-108126","post","type-post","status-publish","format-standard","hentry","category-editais"],"_links":{"self":[{"href":"https:\/\/diarioregionaldigital.com.br\/index.php?rest_route=\/wp\/v2\/posts\/108126","targetHints":{"allow":["GET"]}}],"collection":[{"href":"https:\/\/diarioregionaldigital.com.br\/index.php?rest_route=\/wp\/v2\/posts"}],"about":[{"href":"https:\/\/diarioregionaldigital.com.br\/index.php?rest_route=\/wp\/v2\/types\/post"}],"author":[{"embeddable":true,"href":"https:\/\/diarioregionaldigital.com.br\/index.php?rest_route=\/wp\/v2\/users\/96"}],"replies":[{"embeddable":true,"href":"https:\/\/diarioregionaldigital.com.br\/index.php?rest_route=%2Fwp%2Fv2%2Fcomments&post=108126"}],"version-history":[{"count":0,"href":"https:\/\/diarioregionaldigital.com.br\/index.php?rest_route=\/wp\/v2\/posts\/108126\/revisions"}],"wp:attachment":[{"href":"https:\/\/diarioregionaldigital.com.br\/index.php?rest_route=%2Fwp%2Fv2%2Fmedia&parent=108126"}],"wp:term":[{"taxonomy":"category","embeddable":true,"href":"https:\/\/diarioregionaldigital.com.br\/index.php?rest_route=%2Fwp%2Fv2%2Fcategories&post=108126"},{"taxonomy":"post_tag","embeddable":true,"href":"https:\/\/diarioregionaldigital.com.br\/index.php?rest_route=%2Fwp%2Fv2%2Ftags&post=108126"}],"curies":[{"name":"wp","href":"https:\/\/api.w.org\/{rel}","templated":true}]}}