{"id":108010,"date":"2018-06-15T09:16:40","date_gmt":"2018-06-15T12:16:40","guid":{"rendered":"http:\/\/diarioregionaljf.com.br\/?p=108010"},"modified":"2018-06-15T09:17:02","modified_gmt":"2018-06-15T12:17:02","slug":"adolescentes-sao-apreendidos-por-assalto-na-zona-norte","status":"publish","type":"post","link":"https:\/\/diarioregionaldigital.com.br\/?p=108010","title":{"rendered":"Adolescentes s\u00e3o apreendidos por assalto na Zona Norte"},"content":{"rendered":"<p>Dois adolescentes, de 16 e 17 anos, foram detidos ap\u00f3s assaltarem um rapaz na Avenida JK, no bairro Barreira do Triunfo, Zona Norte da cidade, na tarde dessa quinta-feira, 14. Um terceiro autor teria participado do crime, mas n\u00e3o foi localizado.<\/p>\n<p>Conforme registro da ocorr\u00eancia na Pol\u00edcia Militar (PM), a v\u00edtima, um jovem de 18 anos, foi abordada pelo trio quando saia da sede de uma institui\u00e7\u00e3o de ensino profissionalizante. Os autores estavam armados com faca e alegaram, ainda, estar portando uma arma de fogo. Eles fugiram levando um telefone celular e uma pulseira.<\/p>\n<p>Os dois adolescentes foram apreendidos ap\u00f3s rastreamento e encaminhados \u00e0 delegacia. Em poder do mais velho foi localizado um inv\u00f3lucro pl\u00e1stico contendo crack. O terceiro envolvido, bem como os itens roubados e as armas usadas no assalto n\u00e3o foram localizados.<\/p>\n","protected":false},"excerpt":{"rendered":"<p>Dois adolescentes, de 16 e 17 anos, foram detidos ap\u00f3s assaltarem um rapaz na Avenida JK, no bairro Barreira do Triunfo, Zona Norte da cidade, na tarde dessa quinta-feira, 14. Um terceiro autor teria participado do crime, mas n\u00e3o foi localizado. Conforme registro da ocorr\u00eancia na Pol\u00edcia Militar (PM), a v\u00edtima, um jovem de 18 [&hellip;]<\/p>\n","protected":false},"author":96,"featured_media":95836,"comment_status":"closed","ping_status":"closed","sticky":false,"template":"","format":"standard","meta":{"footnotes":""},"categories":[301,439],"tags":[],"class_list":["post-108010","post","type-post","status-publish","format-standard","has-post-thumbnail","hentry","category-artigos-policiais","category-ultima-hora"],"_links":{"self":[{"href":"https:\/\/diarioregionaldigital.com.br\/index.php?rest_route=\/wp\/v2\/posts\/108010","targetHints":{"allow":["GET"]}}],"collection":[{"href":"https:\/\/diarioregionaldigital.com.br\/index.php?rest_route=\/wp\/v2\/posts"}],"about":[{"href":"https:\/\/diarioregionaldigital.com.br\/index.php?rest_route=\/wp\/v2\/types\/post"}],"author":[{"embeddable":true,"href":"https:\/\/diarioregionaldigital.com.br\/index.php?rest_route=\/wp\/v2\/users\/96"}],"replies":[{"embeddable":true,"href":"https:\/\/diarioregionaldigital.com.br\/index.php?rest_route=%2Fwp%2Fv2%2Fcomments&post=108010"}],"version-history":[{"count":0,"href":"https:\/\/diarioregionaldigital.com.br\/index.php?rest_route=\/wp\/v2\/posts\/108010\/revisions"}],"wp:featuredmedia":[{"embeddable":true,"href":"https:\/\/diarioregionaldigital.com.br\/index.php?rest_route=\/wp\/v2\/media\/95836"}],"wp:attachment":[{"href":"https:\/\/diarioregionaldigital.com.br\/index.php?rest_route=%2Fwp%2Fv2%2Fmedia&parent=108010"}],"wp:term":[{"taxonomy":"category","embeddable":true,"href":"https:\/\/diarioregionaldigital.com.br\/index.php?rest_route=%2Fwp%2Fv2%2Fcategories&post=108010"},{"taxonomy":"post_tag","embeddable":true,"href":"https:\/\/diarioregionaldigital.com.br\/index.php?rest_route=%2Fwp%2Fv2%2Ftags&post=108010"}],"curies":[{"name":"wp","href":"https:\/\/api.w.org\/{rel}","templated":true}]}}