{"id":108007,"date":"2018-06-15T09:01:23","date_gmt":"2018-06-15T12:01:23","guid":{"rendered":"http:\/\/diarioregionaljf.com.br\/?p=108007"},"modified":"2018-06-15T09:01:45","modified_gmt":"2018-06-15T12:01:45","slug":"dupla-armada-rouba-caminhonete-de-idoso-no-floresta","status":"publish","type":"post","link":"https:\/\/diarioregionaldigital.com.br\/?p=108007","title":{"rendered":"Dupla armada rouba caminhonete de idoso no Floresta"},"content":{"rendered":"<p>Um idoso de 62 anos teve sua caminhonete roubada por dois indiv\u00edduos, um deles armado com um rev\u00f3lver, na Rua Dr. Francisco \u00c1lvares de Assis, no bairro Floresta, zona Sudeste da cidade, na manh\u00e3 dessa quinta-feira, 14.<\/p>\n<p>A v\u00edtima relatou \u00e0 Pol\u00edcia Militar (PM) que abria o port\u00e3o de sua granja quando foi surpreendida pelos autores, que estavam em uma motocicleta. A dupla fugiu levando o ve\u00edculo do idoso.<\/p>\n<p>&nbsp;<\/p>\n<p><span style=\"font-size: 12pt;\"><strong>FURTO<\/strong><\/span><\/p>\n<p>No bairro Bonfim, zona Leste de Juiz de Fora, o carro de um rapaz de 27 anos foi furtado na Rua Bar\u00e3o do Retiro, na noite dessa quinta-feira, 14.<\/p>\n<p>Segundo informa\u00e7\u00f5es da PM, a v\u00edtima relatou que estacionou o ve\u00edculo no local por volta das 14h e ao retornar, ap\u00f3s as 21h, n\u00e3o encontrou o carro.<\/p>\n","protected":false},"excerpt":{"rendered":"<p>Um idoso de 62 anos teve sua caminhonete roubada por dois indiv\u00edduos, um deles armado com um rev\u00f3lver, na Rua Dr. Francisco \u00c1lvares de Assis, no bairro Floresta, zona Sudeste da cidade, na manh\u00e3 dessa quinta-feira, 14. A v\u00edtima relatou \u00e0 Pol\u00edcia Militar (PM) que abria o port\u00e3o de sua granja quando foi surpreendida pelos [&hellip;]<\/p>\n","protected":false},"author":96,"featured_media":95836,"comment_status":"closed","ping_status":"closed","sticky":false,"template":"","format":"standard","meta":{"footnotes":""},"categories":[301,439],"tags":[],"class_list":["post-108007","post","type-post","status-publish","format-standard","has-post-thumbnail","hentry","category-artigos-policiais","category-ultima-hora"],"_links":{"self":[{"href":"https:\/\/diarioregionaldigital.com.br\/index.php?rest_route=\/wp\/v2\/posts\/108007","targetHints":{"allow":["GET"]}}],"collection":[{"href":"https:\/\/diarioregionaldigital.com.br\/index.php?rest_route=\/wp\/v2\/posts"}],"about":[{"href":"https:\/\/diarioregionaldigital.com.br\/index.php?rest_route=\/wp\/v2\/types\/post"}],"author":[{"embeddable":true,"href":"https:\/\/diarioregionaldigital.com.br\/index.php?rest_route=\/wp\/v2\/users\/96"}],"replies":[{"embeddable":true,"href":"https:\/\/diarioregionaldigital.com.br\/index.php?rest_route=%2Fwp%2Fv2%2Fcomments&post=108007"}],"version-history":[{"count":0,"href":"https:\/\/diarioregionaldigital.com.br\/index.php?rest_route=\/wp\/v2\/posts\/108007\/revisions"}],"wp:featuredmedia":[{"embeddable":true,"href":"https:\/\/diarioregionaldigital.com.br\/index.php?rest_route=\/wp\/v2\/media\/95836"}],"wp:attachment":[{"href":"https:\/\/diarioregionaldigital.com.br\/index.php?rest_route=%2Fwp%2Fv2%2Fmedia&parent=108007"}],"wp:term":[{"taxonomy":"category","embeddable":true,"href":"https:\/\/diarioregionaldigital.com.br\/index.php?rest_route=%2Fwp%2Fv2%2Fcategories&post=108007"},{"taxonomy":"post_tag","embeddable":true,"href":"https:\/\/diarioregionaldigital.com.br\/index.php?rest_route=%2Fwp%2Fv2%2Ftags&post=108007"}],"curies":[{"name":"wp","href":"https:\/\/api.w.org\/{rel}","templated":true}]}}