{"id":108006,"date":"2018-06-15T09:02:40","date_gmt":"2018-06-15T12:02:40","guid":{"rendered":"http:\/\/diarioregionaljf.com.br\/?p=108006"},"modified":"2018-06-15T10:03:23","modified_gmt":"2018-06-15T13:03:23","slug":"pedro-parente-e-dispensado-de-quarentena-e-pode-assumir-brf","status":"publish","type":"post","link":"https:\/\/diarioregionaldigital.com.br\/?p=108006","title":{"rendered":"Pedro Parente \u00e9 dispensado de quarentena e pode assumir BRF"},"content":{"rendered":"<p>O ex-presidente da Petrobras, Pedro Parente, foi dispensado da quarentena pela Comiss\u00e3o de \u00c9tica P\u00fablica, em decis\u00e3o publicada nessa quinta-feira, 14, em nota. Parente\u00a0pediu demiss\u00e3o da estatal\u00a0\u00a0em 1\u00ba de junho e foi convidado para a presid\u00eancia da BRF.<\/p>\n<p>Cabe \u00e0 Comiss\u00e3o de \u00c9tica P\u00fablica (CEP) da Presid\u00eancia da Rep\u00fablica definir se ex-agentes p\u00fablicos devem passar por uma quarentena antes de assumir cargo na iniciativa privada e Parente pediu um parecer \u00e0 CEP neste sentido.<\/p>\n<p>Parente foi informado que estava dispensado da quarentena porque a Petrobras e a BRF n\u00e3o atuam no mesmo ramo. A BRF \u00e9 uma das maiores empresas de alimento do mundo, dona de marcas como Sadia, Perdig\u00e3o e Qualy. A quarentena \u00e9 aplicada para evitar que ex-agentes p\u00fablicos levem para o mercado informa\u00e7\u00f5es privilegiadas sobre o governo.<\/p>\n<p>O per\u00edodo da quarentena depende do cargo ocupado antes da sa\u00edda do ex-agente p\u00fablico do Executivo. Quanto mais acesso a informa\u00e7\u00f5es sigilosas, maior o tempo de quarentena. Durante esse per\u00edodo, o ex-agente p\u00fablico recebe o sal\u00e1rio correspondente.<\/p>\n<p>O nome de Parente j\u00e1 era especulado na BRF antes mesmo de confirmada a demiss\u00e3o. Tanto que, logo ap\u00f3s divulgada sua sa\u00edda da estatal, as a\u00e7\u00f5es da empresa do ramo aliment\u00edcio subiram mais de 12%.<\/p>\n<p>Fonte: Ag\u00eancia Brasil<\/p>\n","protected":false},"excerpt":{"rendered":"<p>O ex-presidente da Petrobras, Pedro Parente, foi dispensado da quarentena pela Comiss\u00e3o de \u00c9tica P\u00fablica, em decis\u00e3o publicada nessa quinta-feira, 14, em nota. Parente\u00a0pediu demiss\u00e3o da estatal\u00a0\u00a0em 1\u00ba de junho e foi convidado para a presid\u00eancia da BRF. Cabe \u00e0 Comiss\u00e3o de \u00c9tica P\u00fablica (CEP) da Presid\u00eancia da Rep\u00fablica definir se ex-agentes p\u00fablicos devem passar [&hellip;]<\/p>\n","protected":false},"author":96,"featured_media":108009,"comment_status":"closed","ping_status":"closed","sticky":false,"template":"","format":"standard","meta":{"footnotes":""},"categories":[254,439],"tags":[],"class_list":["post-108006","post","type-post","status-publish","format-standard","has-post-thumbnail","hentry","category-politica","category-ultima-hora"],"_links":{"self":[{"href":"https:\/\/diarioregionaldigital.com.br\/index.php?rest_route=\/wp\/v2\/posts\/108006","targetHints":{"allow":["GET"]}}],"collection":[{"href":"https:\/\/diarioregionaldigital.com.br\/index.php?rest_route=\/wp\/v2\/posts"}],"about":[{"href":"https:\/\/diarioregionaldigital.com.br\/index.php?rest_route=\/wp\/v2\/types\/post"}],"author":[{"embeddable":true,"href":"https:\/\/diarioregionaldigital.com.br\/index.php?rest_route=\/wp\/v2\/users\/96"}],"replies":[{"embeddable":true,"href":"https:\/\/diarioregionaldigital.com.br\/index.php?rest_route=%2Fwp%2Fv2%2Fcomments&post=108006"}],"version-history":[{"count":0,"href":"https:\/\/diarioregionaldigital.com.br\/index.php?rest_route=\/wp\/v2\/posts\/108006\/revisions"}],"wp:featuredmedia":[{"embeddable":true,"href":"https:\/\/diarioregionaldigital.com.br\/index.php?rest_route=\/wp\/v2\/media\/108009"}],"wp:attachment":[{"href":"https:\/\/diarioregionaldigital.com.br\/index.php?rest_route=%2Fwp%2Fv2%2Fmedia&parent=108006"}],"wp:term":[{"taxonomy":"category","embeddable":true,"href":"https:\/\/diarioregionaldigital.com.br\/index.php?rest_route=%2Fwp%2Fv2%2Fcategories&post=108006"},{"taxonomy":"post_tag","embeddable":true,"href":"https:\/\/diarioregionaldigital.com.br\/index.php?rest_route=%2Fwp%2Fv2%2Ftags&post=108006"}],"curies":[{"name":"wp","href":"https:\/\/api.w.org\/{rel}","templated":true}]}}