{"id":108000,"date":"2018-06-15T08:22:56","date_gmt":"2018-06-15T11:22:56","guid":{"rendered":"http:\/\/diarioregionaljf.com.br\/?p=108000"},"modified":"2018-06-15T08:23:15","modified_gmt":"2018-06-15T11:23:15","slug":"operacao-para-desestruturar-pcc-prende-63-pessoas","status":"publish","type":"post","link":"https:\/\/diarioregionaldigital.com.br\/?p=108000","title":{"rendered":"Opera\u00e7\u00e3o para desestruturar PCC prende 63 pessoas"},"content":{"rendered":"<p>Sete presos foram transferidos para o Regime Disciplinar Diferenciado (RDD) e 63 mandados de pris\u00e3o foram cumpridos ontem, 14, na <a href=\"http:\/\/diarioregionaljf.com.br\/2018\/06\/14\/policia-e-mp-deflagram-operacao-contra-faccao-criminosa-em-14-estados\/\" target=\"_blank\" rel=\"noopener\">Opera\u00e7\u00e3o Echelon<\/a>, feita pelas secretarias da Seguran\u00e7a P\u00fablica e Administra\u00e7\u00e3o Penitenci\u00e1ria de S\u00e3o Paulo, em conjunto com o Minist\u00e9rio P\u00fablico. O objetivo foi desestruturar a c\u00fapula da fac\u00e7\u00e3o criminosa Primeiro Comando da Capital (PCC). Tamb\u00e9m foram cumpridos 55 mandados de busca e apreens\u00e3o.<\/p>\n<p>A opera\u00e7\u00e3o teve in\u00edcio h\u00e1 um ano com a intercepta\u00e7\u00e3o de mensagens, o chamado \u201csalve\u201d, que integrantes do PCC emitiam para integrantes da fac\u00e7\u00e3o fora do pres\u00eddio. De acordo com o secret\u00e1rio de Administra\u00e7\u00e3o Penitenci\u00e1ria, Lourival Gomes, com a transfer\u00eancia, em 2016, de l\u00edderes da fac\u00e7\u00e3o para o RDD, entre eles Marco Willians Herbas Camacho, o Marcola, a rela\u00e7\u00e3o de poder foi substitu\u00edda e novos integrantes passaram a enviar as mensagens.<\/p>\n<p>Gomes explicou que foi poss\u00edvel recuperar as mensagens com a instala\u00e7\u00e3o de telas no esgoto dos pres\u00eddios. \u201cNa medida em que entr\u00e1vamos com o nosso pessoal, os presos rasgavam e colocavam esses salves na privada e davam descarga. N\u00f3s simulamos um problema no esgoto na penitenci\u00e1ria, instalamos telas e nos dias que sab\u00edamos que tinha mais rascunhos, que era quinta e sexta, entramos com o pessoal e esses manuscritos foram jogados fora, mas pararam nessas redes\u201d, descreveu.<\/p>\n<p>&nbsp;<\/p>\n<p><span style=\"font-size: 12pt;\"><strong>ORDEM PARA EXECU\u00c7\u00d5ES DE AGENTES P\u00daBLICOS<\/strong><\/span><\/p>\n<p>O teor das mensagens n\u00e3o foi divulgado, mas, entre outros comunicados, elas se referiam a ordens para execu\u00e7\u00f5es de agentes p\u00fablicos ou inimigos da fac\u00e7\u00e3o, rebeli\u00f5es em pres\u00eddios e ataques a \u00f4nibus. Na avalia\u00e7\u00e3o dos respons\u00e1veis pela opera\u00e7\u00e3o, \u00e9 poss\u00edvel que novos interlocutores sejam definidos, mas a estrutura\u00e7\u00e3o dessa rede de comunica\u00e7\u00e3o leva tempo pois requer estabelecimento de rela\u00e7\u00f5es de confian\u00e7a entre os membros da fac\u00e7\u00e3o.<\/p>\n<p>O secret\u00e1rio de Seguran\u00e7a P\u00fablica, M\u00e1gino Alves, avaliou a opera\u00e7\u00e3o como um \u201cgolpe s\u00e9rio e duro\u201d ao PCC. \u201cDesarticula essa organiza\u00e7\u00e3o criminosa e possibilita uma a\u00e7\u00e3o de autoridade de outros estados. Essa a\u00e7\u00e3o criminosa atingia outros estados da federa\u00e7\u00e3o, ent\u00e3o \u00e9 um golpe a essa organiza\u00e7\u00e3o criminosa\u201d, disse.<\/p>\n<p>M\u00e1rio Luiz Sarrubbo, subprocurador-geral de Justi\u00e7a do Minist\u00e9rio P\u00fablico de S\u00e3o Paulo (MP-SP) apontou que \u201cfoi estancada uma importante c\u00e9lula da criminalidade organizada que gerava reflexos em outros estados da federa\u00e7\u00e3o\u201d. Ele acrescentou que o trabalho de investiga\u00e7\u00e3o ter\u00e1 continuidade e que as medidas judiciais cab\u00edveis ser\u00e3o solicitadas pelo MP. \u201cO trabalho apenas se inicia\u201d.<\/p>\n<p>Das 63 pris\u00f5es, 51 s\u00e3o de pessoas que j\u00e1 est\u00e3o em presas e tr\u00eas ocorreram em flagrante. O promotor Linconl Gakiya, do Grupo de Atua\u00e7\u00e3o Especial contra o Crime Organizado (Gaeco) de Presidente Prudente, no interior paulista, explicou que, apesar de parte deles j\u00e1 estar presa, a decreta\u00e7\u00e3o de pris\u00e3o preventiva por organiza\u00e7\u00e3o criminosa impede que eles venham a ser libertados pelo crime anterior pelo qual estavam detidos.<\/p>\n<p>&nbsp;<\/p>\n<p>Fonte: Ag\u00eancia Brasil<\/p>\n","protected":false},"excerpt":{"rendered":"<p>Sete presos foram transferidos para o Regime Disciplinar Diferenciado (RDD) e 63 mandados de pris\u00e3o foram cumpridos ontem, 14, na Opera\u00e7\u00e3o Echelon, feita pelas secretarias da Seguran\u00e7a P\u00fablica e Administra\u00e7\u00e3o Penitenci\u00e1ria de S\u00e3o Paulo, em conjunto com o Minist\u00e9rio P\u00fablico. O objetivo foi desestruturar a c\u00fapula da fac\u00e7\u00e3o criminosa Primeiro Comando da Capital (PCC). Tamb\u00e9m [&hellip;]<\/p>\n","protected":false},"author":96,"featured_media":97709,"comment_status":"closed","ping_status":"closed","sticky":false,"template":"","format":"standard","meta":{"footnotes":""},"categories":[302,439],"tags":[],"class_list":["post-108000","post","type-post","status-publish","format-standard","has-post-thumbnail","hentry","category-brasil-mundo","category-ultima-hora"],"_links":{"self":[{"href":"https:\/\/diarioregionaldigital.com.br\/index.php?rest_route=\/wp\/v2\/posts\/108000","targetHints":{"allow":["GET"]}}],"collection":[{"href":"https:\/\/diarioregionaldigital.com.br\/index.php?rest_route=\/wp\/v2\/posts"}],"about":[{"href":"https:\/\/diarioregionaldigital.com.br\/index.php?rest_route=\/wp\/v2\/types\/post"}],"author":[{"embeddable":true,"href":"https:\/\/diarioregionaldigital.com.br\/index.php?rest_route=\/wp\/v2\/users\/96"}],"replies":[{"embeddable":true,"href":"https:\/\/diarioregionaldigital.com.br\/index.php?rest_route=%2Fwp%2Fv2%2Fcomments&post=108000"}],"version-history":[{"count":0,"href":"https:\/\/diarioregionaldigital.com.br\/index.php?rest_route=\/wp\/v2\/posts\/108000\/revisions"}],"wp:featuredmedia":[{"embeddable":true,"href":"https:\/\/diarioregionaldigital.com.br\/index.php?rest_route=\/wp\/v2\/media\/97709"}],"wp:attachment":[{"href":"https:\/\/diarioregionaldigital.com.br\/index.php?rest_route=%2Fwp%2Fv2%2Fmedia&parent=108000"}],"wp:term":[{"taxonomy":"category","embeddable":true,"href":"https:\/\/diarioregionaldigital.com.br\/index.php?rest_route=%2Fwp%2Fv2%2Fcategories&post=108000"},{"taxonomy":"post_tag","embeddable":true,"href":"https:\/\/diarioregionaldigital.com.br\/index.php?rest_route=%2Fwp%2Fv2%2Ftags&post=108000"}],"curies":[{"name":"wp","href":"https:\/\/api.w.org\/{rel}","templated":true}]}}