{"id":107995,"date":"2018-06-15T08:07:11","date_gmt":"2018-06-15T11:07:11","guid":{"rendered":"http:\/\/diarioregionaljf.com.br\/?p=107995"},"modified":"2018-06-15T08:07:31","modified_gmt":"2018-06-15T11:07:31","slug":"dupla-e-presa-por-assalto-no-sao-pedro","status":"publish","type":"post","link":"https:\/\/diarioregionaldigital.com.br\/?p=107995","title":{"rendered":"Dupla \u00e9 presa por assalto no S\u00e3o Pedro"},"content":{"rendered":"<p>Dois jovens, de 24 e 28 anos, foram presos ap\u00f3s amea\u00e7ar e assaltar tr\u00eas pessoas na Rua Pedro Henrique Krambeck, no bairro S\u00e3o Pedro, Cidade Alta, no final da tarde dessa quinta-feira, 14.<\/p>\n<p>De acordo com o boletim de ocorr\u00eancia da Pol\u00edcia Militar (PM), as v\u00edtimas &#8211; dois rapazes de 21 e 22 anos e uma jovem de 29 &#8211; foram abordadas pelos autores, que usando um simulacro de arma de fogo, anunciaram o assalto.<\/p>\n<p>Sob amea\u00e7as, a dupla subtraiu o telefone celular da jovem e a carteira do rapaz de 22 anos, contendo documentos pessoais. Os assaltantes foram localizados ap\u00f3s rastreamento. O material roubado foi recuperado e o simulacro de arma de fogo usado no crime foi apreendido.<\/p>\n","protected":false},"excerpt":{"rendered":"<p>Dois jovens, de 24 e 28 anos, foram presos ap\u00f3s amea\u00e7ar e assaltar tr\u00eas pessoas na Rua Pedro Henrique Krambeck, no bairro S\u00e3o Pedro, Cidade Alta, no final da tarde dessa quinta-feira, 14. De acordo com o boletim de ocorr\u00eancia da Pol\u00edcia Militar (PM), as v\u00edtimas &#8211; dois rapazes de 21 e 22 anos e [&hellip;]<\/p>\n","protected":false},"author":96,"featured_media":95836,"comment_status":"closed","ping_status":"closed","sticky":false,"template":"","format":"standard","meta":{"footnotes":""},"categories":[301,439],"tags":[],"class_list":["post-107995","post","type-post","status-publish","format-standard","has-post-thumbnail","hentry","category-artigos-policiais","category-ultima-hora"],"_links":{"self":[{"href":"https:\/\/diarioregionaldigital.com.br\/index.php?rest_route=\/wp\/v2\/posts\/107995","targetHints":{"allow":["GET"]}}],"collection":[{"href":"https:\/\/diarioregionaldigital.com.br\/index.php?rest_route=\/wp\/v2\/posts"}],"about":[{"href":"https:\/\/diarioregionaldigital.com.br\/index.php?rest_route=\/wp\/v2\/types\/post"}],"author":[{"embeddable":true,"href":"https:\/\/diarioregionaldigital.com.br\/index.php?rest_route=\/wp\/v2\/users\/96"}],"replies":[{"embeddable":true,"href":"https:\/\/diarioregionaldigital.com.br\/index.php?rest_route=%2Fwp%2Fv2%2Fcomments&post=107995"}],"version-history":[{"count":0,"href":"https:\/\/diarioregionaldigital.com.br\/index.php?rest_route=\/wp\/v2\/posts\/107995\/revisions"}],"wp:featuredmedia":[{"embeddable":true,"href":"https:\/\/diarioregionaldigital.com.br\/index.php?rest_route=\/wp\/v2\/media\/95836"}],"wp:attachment":[{"href":"https:\/\/diarioregionaldigital.com.br\/index.php?rest_route=%2Fwp%2Fv2%2Fmedia&parent=107995"}],"wp:term":[{"taxonomy":"category","embeddable":true,"href":"https:\/\/diarioregionaldigital.com.br\/index.php?rest_route=%2Fwp%2Fv2%2Fcategories&post=107995"},{"taxonomy":"post_tag","embeddable":true,"href":"https:\/\/diarioregionaldigital.com.br\/index.php?rest_route=%2Fwp%2Fv2%2Ftags&post=107995"}],"curies":[{"name":"wp","href":"https:\/\/api.w.org\/{rel}","templated":true}]}}