{"id":107988,"date":"2018-06-17T06:00:57","date_gmt":"2018-06-17T09:00:57","guid":{"rendered":"http:\/\/diarioregionaljf.com.br\/?p=107988"},"modified":"2018-06-14T22:32:40","modified_gmt":"2018-06-15T01:32:40","slug":"mais-de-124-mil-aprendizes-foram-contratados-no-primeiro-trimestre-deste-ano","status":"publish","type":"post","link":"https:\/\/diarioregionaldigital.com.br\/?p=107988","title":{"rendered":"Mais de 124 mil aprendizes foram contratados no primeiro trimestre deste ano"},"content":{"rendered":"<p>Mais de 124 mil jovens foram contratados como aprendizes no primeiro trimestre de 2018, informa o Minist\u00e9rio do Trabalho nesta sexta-feira, 4. Dos 124.730 novos aprendizes, 36.186 foram admitidos em S\u00e3o Paulo, estado com maior n\u00famero de contrata\u00e7\u00f5es, seguido por Santa Catarina (12.641) e Minas Gerais (11.446).\u00a0A ind\u00fastria da transforma\u00e7\u00e3o e o com\u00e9rcio foram os setores que mais contrataram jovens, com 41.098 e 27.556 contrata\u00e7\u00f5es, respectivamente.<\/p>\n<p>&nbsp;<\/p>\n<p>A\u00a0Lei da Aprendizagem Profissional\u00a0exige que toda empresa de m\u00e9dio e grande porte tenha aprendizes de 14 a 24 anos compondo de 5% a 15% da equipe.\u00a0Desde 2005, quando a lei foi regulamentada, mais de 3,3 milh\u00f5es de jovens foram beneficiados pela iniciativa.<\/p>\n<p>&nbsp;<\/p>\n","protected":false},"excerpt":{"rendered":"<p>Mais de 124 mil jovens foram contratados como aprendizes no primeiro trimestre de 2018, informa o Minist\u00e9rio do Trabalho nesta sexta-feira, 4. Dos 124.730 novos aprendizes, 36.186 foram admitidos em S\u00e3o Paulo, estado com maior n\u00famero de contrata\u00e7\u00f5es, seguido por Santa Catarina (12.641) e Minas Gerais (11.446).\u00a0A ind\u00fastria da transforma\u00e7\u00e3o e o com\u00e9rcio foram os [&hellip;]<\/p>\n","protected":false},"author":96,"featured_media":107989,"comment_status":"closed","ping_status":"closed","sticky":false,"template":"","format":"standard","meta":{"footnotes":""},"categories":[436,261,439],"tags":[],"class_list":["post-107988","post","type-post","status-publish","format-standard","has-post-thumbnail","hentry","category-destaque-da-semana","category-economia","category-ultima-hora"],"_links":{"self":[{"href":"https:\/\/diarioregionaldigital.com.br\/index.php?rest_route=\/wp\/v2\/posts\/107988","targetHints":{"allow":["GET"]}}],"collection":[{"href":"https:\/\/diarioregionaldigital.com.br\/index.php?rest_route=\/wp\/v2\/posts"}],"about":[{"href":"https:\/\/diarioregionaldigital.com.br\/index.php?rest_route=\/wp\/v2\/types\/post"}],"author":[{"embeddable":true,"href":"https:\/\/diarioregionaldigital.com.br\/index.php?rest_route=\/wp\/v2\/users\/96"}],"replies":[{"embeddable":true,"href":"https:\/\/diarioregionaldigital.com.br\/index.php?rest_route=%2Fwp%2Fv2%2Fcomments&post=107988"}],"version-history":[{"count":0,"href":"https:\/\/diarioregionaldigital.com.br\/index.php?rest_route=\/wp\/v2\/posts\/107988\/revisions"}],"wp:featuredmedia":[{"embeddable":true,"href":"https:\/\/diarioregionaldigital.com.br\/index.php?rest_route=\/wp\/v2\/media\/107989"}],"wp:attachment":[{"href":"https:\/\/diarioregionaldigital.com.br\/index.php?rest_route=%2Fwp%2Fv2%2Fmedia&parent=107988"}],"wp:term":[{"taxonomy":"category","embeddable":true,"href":"https:\/\/diarioregionaldigital.com.br\/index.php?rest_route=%2Fwp%2Fv2%2Fcategories&post=107988"},{"taxonomy":"post_tag","embeddable":true,"href":"https:\/\/diarioregionaldigital.com.br\/index.php?rest_route=%2Fwp%2Fv2%2Ftags&post=107988"}],"curies":[{"name":"wp","href":"https:\/\/api.w.org\/{rel}","templated":true}]}}