{"id":107861,"date":"2018-06-14T15:02:31","date_gmt":"2018-06-14T18:02:31","guid":{"rendered":"http:\/\/diarioregionaljf.com.br\/?p=107861"},"modified":"2018-06-14T15:40:20","modified_gmt":"2018-06-14T18:40:20","slug":"gleisi-condena-privatizacao-da-eletrobras-e-afirma-que-tarifas-vao-subir","status":"publish","type":"post","link":"https:\/\/diarioregionaldigital.com.br\/?p=107861","title":{"rendered":"Gleisi condena privatiza\u00e7\u00e3o da Eletrobras e afirma que tarifas v\u00e3o subir"},"content":{"rendered":"<p>Em discurso nesta quinta-feira, 14, a senadora Gleisi Hoffman (PT-PR) condenou a inten\u00e7\u00e3o do governo de Michel Temer de privatizar o sistema Eletrobras e alertou que as tarifas v\u00e3o subir, caso a empresa seja vendida. Ela apoiou a paralisa\u00e7\u00e3o dos servidores do setor, ocorrida de 11 a 13 de junho, n\u00e3o em busca de melhores sal\u00e1rios, mas sim em defesa da empresa p\u00fablica, criada com o dinheiro do povo, frisou.<\/p>\n<p>Para a senadora, \u00e9 dif\u00edcil entender por que o Executivo quer abrir m\u00e3o da regula\u00e7\u00e3o do pre\u00e7o da energia com a expectativa de arrecadar cerca de R$ 12 bilh\u00f5es, montante muito menor que o deficit or\u00e7ament\u00e1rio autorizado pelo Congresso para 2018. Ela questionou qual a vantagem para o er\u00e1rio em se desfazer da maior empresa de energia, que coordena todo o sistema el\u00e9trico brasileiro, por um valor que n\u00e3o far\u00e1 tanta diferen\u00e7a na d\u00edvida p\u00fablica.<\/p>\n<p>Gleisi tamb\u00e9m criticou o discurso do Executivo que prega a prov\u00e1vel redu\u00e7\u00e3o de pre\u00e7os das tarifas de energia a partir da venda dos ativos do setor el\u00e9trico. Para ela, a diminui\u00e7\u00e3o n\u00e3o ocorrer\u00e1.<\/p>\n<p>\u2014 A Celg [Companhia Energ\u00e9tica de Goi\u00e1s], na sequ\u00eancia da privatiza\u00e7\u00e3o, j\u00e1 teve aumento de 16% [nas contas de energia] e a infla\u00e7\u00e3o no per\u00edodo foi de menos de 3% \u2014 exemplificou.<\/p>\n<p>&nbsp;<\/p>\n<p>Fonte: Ag\u00eancia Senado<\/p>\n","protected":false},"excerpt":{"rendered":"<p>Em discurso nesta quinta-feira, 14, a senadora Gleisi Hoffman (PT-PR) condenou a inten\u00e7\u00e3o do governo de Michel Temer de privatizar o sistema Eletrobras e alertou que as tarifas v\u00e3o subir, caso a empresa seja vendida. Ela apoiou a paralisa\u00e7\u00e3o dos servidores do setor, ocorrida de 11 a 13 de junho, n\u00e3o em busca de melhores [&hellip;]<\/p>\n","protected":false},"author":96,"featured_media":107862,"comment_status":"closed","ping_status":"closed","sticky":false,"template":"","format":"standard","meta":{"footnotes":""},"categories":[440,254,439],"tags":[],"class_list":["post-107861","post","type-post","status-publish","format-standard","has-post-thumbnail","hentry","category-destaques-do-dia","category-politica","category-ultima-hora"],"_links":{"self":[{"href":"https:\/\/diarioregionaldigital.com.br\/index.php?rest_route=\/wp\/v2\/posts\/107861","targetHints":{"allow":["GET"]}}],"collection":[{"href":"https:\/\/diarioregionaldigital.com.br\/index.php?rest_route=\/wp\/v2\/posts"}],"about":[{"href":"https:\/\/diarioregionaldigital.com.br\/index.php?rest_route=\/wp\/v2\/types\/post"}],"author":[{"embeddable":true,"href":"https:\/\/diarioregionaldigital.com.br\/index.php?rest_route=\/wp\/v2\/users\/96"}],"replies":[{"embeddable":true,"href":"https:\/\/diarioregionaldigital.com.br\/index.php?rest_route=%2Fwp%2Fv2%2Fcomments&post=107861"}],"version-history":[{"count":0,"href":"https:\/\/diarioregionaldigital.com.br\/index.php?rest_route=\/wp\/v2\/posts\/107861\/revisions"}],"wp:featuredmedia":[{"embeddable":true,"href":"https:\/\/diarioregionaldigital.com.br\/index.php?rest_route=\/wp\/v2\/media\/107862"}],"wp:attachment":[{"href":"https:\/\/diarioregionaldigital.com.br\/index.php?rest_route=%2Fwp%2Fv2%2Fmedia&parent=107861"}],"wp:term":[{"taxonomy":"category","embeddable":true,"href":"https:\/\/diarioregionaldigital.com.br\/index.php?rest_route=%2Fwp%2Fv2%2Fcategories&post=107861"},{"taxonomy":"post_tag","embeddable":true,"href":"https:\/\/diarioregionaldigital.com.br\/index.php?rest_route=%2Fwp%2Fv2%2Ftags&post=107861"}],"curies":[{"name":"wp","href":"https:\/\/api.w.org\/{rel}","templated":true}]}}