{"id":107858,"date":"2018-06-14T14:27:55","date_gmt":"2018-06-14T17:27:55","guid":{"rendered":"http:\/\/diarioregionaljf.com.br\/?p=107858"},"modified":"2018-06-14T14:27:55","modified_gmt":"2018-06-14T17:27:55","slug":"indicador-da-fgv-que-mede-atividade-economica-no-pais-recua-1-em-maio","status":"publish","type":"post","link":"https:\/\/diarioregionaldigital.com.br\/?p=107858","title":{"rendered":"Indicador da FGV que mede atividade econ\u00f4mica no pa\u00eds recua 1% em maio"},"content":{"rendered":"<p>O Indicador Antecedente Composto da Economia (Iace), que mede a atividade econ\u00f4mica do pa\u00eds, caiu 1% de abril para maio e chegou a 116 pontos, em uma escala de zero a 200 pontos. Segundo dados divulgados nesta quinta-feira, 14, pela Funda\u00e7\u00e3o Getulio Vargas (FGV), dos oito componentes do indicador, quatro tiveram queda, com destaque para o \u00cdndice de A\u00e7\u00f5es Bovespa, que recuou 10,9%.<\/p>\n<p>Os outros sete indicadores que comp\u00f5em o Iace s\u00e3o: taxa referencial de swaps DI pr\u00e9-fixada &#8211; 360 dias (do Banco Central do Brasil), \u00cdndice de Expectativas da Ind\u00fastria (da FGV), \u00cdndice de Expectativas dos Servi\u00e7os (da FGV), \u00cdndice de Expectativas do Consumidor (FGV), \u00edndice de produ\u00e7\u00e3o f\u00edsica de bens de consumo dur\u00e1veis (do IBGE), \u00cdndice de Termos de troca (da Funda\u00e7\u00e3o Centro de Estudos do Com\u00e9rcio Exterior\/Funcex) e \u00cdndice de quantum de exporta\u00e7\u00f5es (da Funcex).<\/p>\n<p>De acordo com a FGV, as dificuldades de aprova\u00e7\u00e3o das reformas necess\u00e1rias para a melhora do quadro fiscal e os desdobramentos da greve dos caminhoneiros pioraram a percep\u00e7\u00e3o com rela\u00e7\u00e3o \u00e0 retomada do n\u00edvel de atividades, que j\u00e1 era considerada modesta, segundo a FGV.<\/p>\n<p>J\u00e1 o Indicador Coincidente Composto da Economia (ICCE, FGV TCB) do Brasil, que mensura as condi\u00e7\u00f5es econ\u00f4micas atuais, caiu 0,1%, no mesmo per\u00edodo.<\/p>\n<p>Fonte: Ag\u00eancia Brasil<\/p>\n","protected":false},"excerpt":{"rendered":"<p>O Indicador Antecedente Composto da Economia (Iace), que mede a atividade econ\u00f4mica do pa\u00eds, caiu 1% de abril para maio e chegou a 116 pontos, em uma escala de zero a 200 pontos. Segundo dados divulgados nesta quinta-feira, 14, pela Funda\u00e7\u00e3o Getulio Vargas (FGV), dos oito componentes do indicador, quatro tiveram queda, com destaque para [&hellip;]<\/p>\n","protected":false},"author":96,"featured_media":104420,"comment_status":"closed","ping_status":"closed","sticky":false,"template":"","format":"standard","meta":{"footnotes":""},"categories":[261],"tags":[],"class_list":["post-107858","post","type-post","status-publish","format-standard","has-post-thumbnail","hentry","category-economia"],"_links":{"self":[{"href":"https:\/\/diarioregionaldigital.com.br\/index.php?rest_route=\/wp\/v2\/posts\/107858","targetHints":{"allow":["GET"]}}],"collection":[{"href":"https:\/\/diarioregionaldigital.com.br\/index.php?rest_route=\/wp\/v2\/posts"}],"about":[{"href":"https:\/\/diarioregionaldigital.com.br\/index.php?rest_route=\/wp\/v2\/types\/post"}],"author":[{"embeddable":true,"href":"https:\/\/diarioregionaldigital.com.br\/index.php?rest_route=\/wp\/v2\/users\/96"}],"replies":[{"embeddable":true,"href":"https:\/\/diarioregionaldigital.com.br\/index.php?rest_route=%2Fwp%2Fv2%2Fcomments&post=107858"}],"version-history":[{"count":0,"href":"https:\/\/diarioregionaldigital.com.br\/index.php?rest_route=\/wp\/v2\/posts\/107858\/revisions"}],"wp:featuredmedia":[{"embeddable":true,"href":"https:\/\/diarioregionaldigital.com.br\/index.php?rest_route=\/wp\/v2\/media\/104420"}],"wp:attachment":[{"href":"https:\/\/diarioregionaldigital.com.br\/index.php?rest_route=%2Fwp%2Fv2%2Fmedia&parent=107858"}],"wp:term":[{"taxonomy":"category","embeddable":true,"href":"https:\/\/diarioregionaldigital.com.br\/index.php?rest_route=%2Fwp%2Fv2%2Fcategories&post=107858"},{"taxonomy":"post_tag","embeddable":true,"href":"https:\/\/diarioregionaldigital.com.br\/index.php?rest_route=%2Fwp%2Fv2%2Ftags&post=107858"}],"curies":[{"name":"wp","href":"https:\/\/api.w.org\/{rel}","templated":true}]}}