{"id":107841,"date":"2018-06-14T13:07:37","date_gmt":"2018-06-14T16:07:37","guid":{"rendered":"http:\/\/diarioregionaljf.com.br\/?p=107841"},"modified":"2018-06-14T13:07:37","modified_gmt":"2018-06-14T16:07:37","slug":"termina-amanha-prazo-de-inscricao-do-sisu","status":"publish","type":"post","link":"https:\/\/diarioregionaldigital.com.br\/?p=107841","title":{"rendered":"Termina amanh\u00e3 prazo de inscri\u00e7\u00e3o do Sisu"},"content":{"rendered":"<p>Termina amanh\u00e3 nesta sexta-feira, 15, o prazo de inscri\u00e7\u00e3o do Sistema de Sele\u00e7\u00e3o Unificada (Sisu). Nesta edi\u00e7\u00e3o, o programa oferece 57.271 vagas em 68 institui\u00e7\u00f5es p\u00fablicas de ensino superior em todo o pa\u00eds. As <a href=\"http:\/\/www.sisu.mec.gov.br\/\" target=\"_blank\" rel=\"noopener\">inscri\u00e7\u00f5es s\u00e3o feitas apenas pela internet<\/a>.<\/p>\n<p>Pode concorrer \u00e0s vagas quem fez o Exame Nacional do Ensino M\u00e9dio (Enem) em 2017 e obteve nota acima de zero na reda\u00e7\u00e3o. De acordo com o \u00faltimo balan\u00e7o do Minist\u00e9rio da Educa\u00e7\u00e3o (MEC), at\u00e9 ontem \u00e0 noite, mais de 330 mil candidatos haviam se inscrito.<\/p>\n<p>Ao ingressar no sistema, o candidato dever\u00e1 escolher, por ordem de prefer\u00eancia, at\u00e9 duas op\u00e7\u00f5es de curso entre as vagas ofertadas. \u00c9 poss\u00edvel alterar essas op\u00e7\u00f5es durante todo o per\u00edodo de inscri\u00e7\u00e3o. A \u00faltima modifica\u00e7\u00e3o confirmada \u00e9 a considerada v\u00e1lida.<\/p>\n<p>As vagas ser\u00e3o oferecidas em oito institui\u00e7\u00f5es p\u00fablicas estaduais, uma faculdade p\u00fablica municipal e 59 institui\u00e7\u00f5es p\u00fablicas federais \u2013 dois centros de educa\u00e7\u00e3o tecnol\u00f3gica, 27 institutos federais de Educa\u00e7\u00e3o, Ci\u00eancia e Tecnologia e 30 universidades.<\/p>\n<p>O resultado da chamada regular est\u00e1 previsto para o dia 18 de junho. O per\u00edodo de matr\u00edcula vai de 22 a 28 de junho e o prazo para participar da lista de espera \u00e9 de 22 a 27 de junho.<\/p>\n<p><strong>UFJF\u00a0<\/strong><\/p>\n<p>A<a href=\"http:\/\/diarioregionaljf.com.br\/2018\/06\/12\/ufjf-oferece-933-vagas-na-segunda-edicao-sisu-2018\/\"> Universidade\u00a0Federal de Juiz de Fora<\/a> oferece 933 vagas para serem distribu\u00eddas em 42 cursos.\u00a0S\u00e3o 738 oportunidades em 33 cursos no campus sede e 195 em nove op\u00e7\u00f5es de gradua\u00e7\u00e3o para o campus de Governador Valadares.<\/p>\n<p>O candidato pode escolher duas op\u00e7\u00f5es de cursos, sendo poss\u00edvel alter\u00e1-los durante o per\u00edodo de inscri\u00e7\u00e3o, de acordo com suas prefer\u00eancias e chances de ingresso a partir das parciais de notas de corte.<\/p>\n<p>&nbsp;<\/p>\n<p>Fonte: Ag\u00eancia Brasil<\/p>\n","protected":false},"excerpt":{"rendered":"<p>Termina amanh\u00e3 nesta sexta-feira, 15, o prazo de inscri\u00e7\u00e3o do Sistema de Sele\u00e7\u00e3o Unificada (Sisu). Nesta edi\u00e7\u00e3o, o programa oferece 57.271 vagas em 68 institui\u00e7\u00f5es p\u00fablicas de ensino superior em todo o pa\u00eds. As inscri\u00e7\u00f5es s\u00e3o feitas apenas pela internet. Pode concorrer \u00e0s vagas quem fez o Exame Nacional do Ensino M\u00e9dio (Enem) em 2017 [&hellip;]<\/p>\n","protected":false},"author":96,"featured_media":107843,"comment_status":"closed","ping_status":"closed","sticky":false,"template":"","format":"standard","meta":{"footnotes":""},"categories":[302],"tags":[],"class_list":["post-107841","post","type-post","status-publish","format-standard","has-post-thumbnail","hentry","category-brasil-mundo"],"_links":{"self":[{"href":"https:\/\/diarioregionaldigital.com.br\/index.php?rest_route=\/wp\/v2\/posts\/107841","targetHints":{"allow":["GET"]}}],"collection":[{"href":"https:\/\/diarioregionaldigital.com.br\/index.php?rest_route=\/wp\/v2\/posts"}],"about":[{"href":"https:\/\/diarioregionaldigital.com.br\/index.php?rest_route=\/wp\/v2\/types\/post"}],"author":[{"embeddable":true,"href":"https:\/\/diarioregionaldigital.com.br\/index.php?rest_route=\/wp\/v2\/users\/96"}],"replies":[{"embeddable":true,"href":"https:\/\/diarioregionaldigital.com.br\/index.php?rest_route=%2Fwp%2Fv2%2Fcomments&post=107841"}],"version-history":[{"count":0,"href":"https:\/\/diarioregionaldigital.com.br\/index.php?rest_route=\/wp\/v2\/posts\/107841\/revisions"}],"wp:featuredmedia":[{"embeddable":true,"href":"https:\/\/diarioregionaldigital.com.br\/index.php?rest_route=\/wp\/v2\/media\/107843"}],"wp:attachment":[{"href":"https:\/\/diarioregionaldigital.com.br\/index.php?rest_route=%2Fwp%2Fv2%2Fmedia&parent=107841"}],"wp:term":[{"taxonomy":"category","embeddable":true,"href":"https:\/\/diarioregionaldigital.com.br\/index.php?rest_route=%2Fwp%2Fv2%2Fcategories&post=107841"},{"taxonomy":"post_tag","embeddable":true,"href":"https:\/\/diarioregionaldigital.com.br\/index.php?rest_route=%2Fwp%2Fv2%2Ftags&post=107841"}],"curies":[{"name":"wp","href":"https:\/\/api.w.org\/{rel}","templated":true}]}}