{"id":107834,"date":"2018-06-14T12:23:09","date_gmt":"2018-06-14T15:23:09","guid":{"rendered":"http:\/\/diarioregionaljf.com.br\/?p=107834"},"modified":"2018-06-14T12:23:39","modified_gmt":"2018-06-14T15:23:39","slug":"camara-argentina-aprova-projeto-que-descriminaliza-o-aborto","status":"publish","type":"post","link":"https:\/\/diarioregionaldigital.com.br\/?p=107834","title":{"rendered":"C\u00e2mara argentina aprova projeto que descriminaliza o aborto"},"content":{"rendered":"<p>A C\u00e2mara dos Deputados da Argentina aprovou hoje, 14, por 129 votos a favor, 125 contra e 1 absten\u00e7\u00e3o o projeto de lei que descriminaliza o aborto, em uma sess\u00e3o hist\u00f3rica que durou cerca de 22 horas e meia.<\/p>\n<p>De acordo com o projeto, o aborto poder\u00e1 ser feito at\u00e9 14 semanas de gesta\u00e7\u00e3o. Depois deste prazo, a interrup\u00e7\u00e3o da gravidez s\u00f3 poder\u00e1 ser realizada em casos de estupro, se representar um risco para a vida e a sa\u00fade da m\u00e3e e tamb\u00e9m se o feto tiver alguma malforma\u00e7\u00e3o \u201cincompat\u00edvel com a vida extrauterina\u201d.<\/p>\n<p>A vota\u00e7\u00e3o terminou com aplausos dos deputados que defendiam a interrup\u00e7\u00e3o volunt\u00e1ria da gravidez.<\/p>\n<p>O texto segue agora para o Senado.<\/p>\n<p>&nbsp;<\/p>\n<p><strong><span style=\"font-size: 12pt;\">LADO DE FORA<\/span><\/strong><\/p>\n<p>Terminada a vota\u00e7\u00e3o, do lado de fora do Congresso, mulheres, em sua maioria jovens, se abra\u00e7aram e choraram com o resultado.<\/p>\n<p>Marita Perez conta que passou a noite inteira dormindo com tr\u00eas amigas em uma barraca e disse que n\u00e3o esperava a aprova\u00e7\u00e3o. \u201cAt\u00e9 o \u00faltimo momento achava que n\u00e3o \u00edamos conseguir\u201d, disse a jovem. Segundo ela, as manifesta\u00e7\u00f5es v\u00e3o continuar. \u201cO desafio agora \u00e9 convencer os senadores que s\u00e3o mais conservadores a votar pela descriminaliza\u00e7\u00e3o do aborto\u201d, completou.<\/p>\n<p>&nbsp;<\/p>\n<p><strong><span style=\"font-size: 12pt;\">MADRUGADA FRIA<\/span><\/strong><\/p>\n<p>Milhares de argentinos viraram a noite na pra\u00e7a em frente ao Congresso, para acompanhar a vota\u00e7\u00e3o, na C\u00e2mara dos Deputados. Todos estavam preparados para enfrentar o frio de cinco graus: fizeram fogueiras, montaram barracas e dan\u00e7aram, ao som de tambores, pedindo aos legisladores o direito a um \u201caborto livre, gratuito e seguro\u201d.<\/p>\n<p>A sess\u00e3o come\u00e7ou ontem, 13, e, at\u00e9 o fim da noite, havia um empate entre os deputados que discursaram a favor e contra a legaliza\u00e7\u00e3o do aborto. Do lado de fora do Congresso, ativistas dos dois lados ocupavam a pra\u00e7a e defendiam sua posi\u00e7\u00e3o.<\/p>\n<p>&nbsp;<\/p>\n<p><strong><span style=\"font-size: 12pt;\">N\u00daMEROS<\/span><\/strong><\/p>\n<p>Segundo as estimativas, 500 mil abortos clandestinos s\u00e3o feitos todos os anos na Argentina. Cerca de 60 mil resultam em complica\u00e7\u00f5es e hospitaliza\u00e7\u00f5es. E muitas mulheres &#8211; a maioria pobres ou do interior &#8211; morrem por causa de abortos mal feitos.<\/p>\n<p>&nbsp;<\/p>\n<p>Fonte: Ag\u00eancia Brasil<\/p>\n","protected":false},"excerpt":{"rendered":"<p>A C\u00e2mara dos Deputados da Argentina aprovou hoje, 14, por 129 votos a favor, 125 contra e 1 absten\u00e7\u00e3o o projeto de lei que descriminaliza o aborto, em uma sess\u00e3o hist\u00f3rica que durou cerca de 22 horas e meia. De acordo com o projeto, o aborto poder\u00e1 ser feito at\u00e9 14 semanas de gesta\u00e7\u00e3o. Depois [&hellip;]<\/p>\n","protected":false},"author":96,"featured_media":97709,"comment_status":"closed","ping_status":"closed","sticky":false,"template":"","format":"standard","meta":{"footnotes":""},"categories":[302,439],"tags":[],"class_list":["post-107834","post","type-post","status-publish","format-standard","has-post-thumbnail","hentry","category-brasil-mundo","category-ultima-hora"],"_links":{"self":[{"href":"https:\/\/diarioregionaldigital.com.br\/index.php?rest_route=\/wp\/v2\/posts\/107834","targetHints":{"allow":["GET"]}}],"collection":[{"href":"https:\/\/diarioregionaldigital.com.br\/index.php?rest_route=\/wp\/v2\/posts"}],"about":[{"href":"https:\/\/diarioregionaldigital.com.br\/index.php?rest_route=\/wp\/v2\/types\/post"}],"author":[{"embeddable":true,"href":"https:\/\/diarioregionaldigital.com.br\/index.php?rest_route=\/wp\/v2\/users\/96"}],"replies":[{"embeddable":true,"href":"https:\/\/diarioregionaldigital.com.br\/index.php?rest_route=%2Fwp%2Fv2%2Fcomments&post=107834"}],"version-history":[{"count":0,"href":"https:\/\/diarioregionaldigital.com.br\/index.php?rest_route=\/wp\/v2\/posts\/107834\/revisions"}],"wp:featuredmedia":[{"embeddable":true,"href":"https:\/\/diarioregionaldigital.com.br\/index.php?rest_route=\/wp\/v2\/media\/97709"}],"wp:attachment":[{"href":"https:\/\/diarioregionaldigital.com.br\/index.php?rest_route=%2Fwp%2Fv2%2Fmedia&parent=107834"}],"wp:term":[{"taxonomy":"category","embeddable":true,"href":"https:\/\/diarioregionaldigital.com.br\/index.php?rest_route=%2Fwp%2Fv2%2Fcategories&post=107834"},{"taxonomy":"post_tag","embeddable":true,"href":"https:\/\/diarioregionaldigital.com.br\/index.php?rest_route=%2Fwp%2Fv2%2Ftags&post=107834"}],"curies":[{"name":"wp","href":"https:\/\/api.w.org\/{rel}","templated":true}]}}