{"id":107825,"date":"2018-06-14T10:14:45","date_gmt":"2018-06-14T13:14:45","guid":{"rendered":"http:\/\/diarioregionaljf.com.br\/?p=107825"},"modified":"2018-06-14T11:45:42","modified_gmt":"2018-06-14T14:45:42","slug":"estudantes-do-fies-terao-ate-18-meses-para-quitar-divida-com-escolas","status":"publish","type":"post","link":"https:\/\/diarioregionaldigital.com.br\/?p=107825","title":{"rendered":"Estudantes do Fies ter\u00e3o at\u00e9 18 meses para quitar d\u00edvida com escolas"},"content":{"rendered":"<p>Os estudantes beneficiados pelo Fundo de Financiamento Estudantil (Fies) que estiverem devendo \u00e0s institui\u00e7\u00f5es de ensino nas quais est\u00e3o matriculados poder\u00e3o negociar o parcelamento da d\u00edvida em at\u00e9 18 meses, de acordo com\u00a0<a href=\"http:\/\/pesquisa.in.gov.br\/imprensa\/jsp\/visualiza\/index.jsp?jornal=515&amp;pagina=33&amp;data=13\/06\/2018\">resolu\u00e7\u00e3o<\/a>\u00a0publicada nessa quarta-feira, 13,\u00a0pelo Fundo Nacional de Desenvolvimento da Educa\u00e7\u00e3o (FNDE), no\u00a0<em>Di\u00e1rio Oficial da Uni\u00e3o<\/em>.<\/p>\n<p>Segundo o FNDE, at\u00e9 o ano passado, era preciso estar quite para fazer a renova\u00e7\u00e3o do contrato do Fies. Agora, o estudante\u00a0<span id=\"OBJ_PREFIX_DWT112_com_zimbra_date\" role=\"link\">ter<\/span>\u00e1 que pelo menos\u00a0<span id=\"OBJ_PREFIX_DWT113_com_zimbra_date\" role=\"link\">ter<\/span>\u00a0feito a negocia\u00e7\u00e3o do pagamento antes da renova\u00e7\u00e3o.<\/p>\n<p>Al\u00e9m disso, o FNDE fixou em 30% da parcela o valor m\u00e1ximo que poder\u00e1 ser cobrado por m\u00eas. Ou seja, se um aluno atrasou o pagamento de uma mensalidade de R$ 100, ele poder\u00e1 pagar at\u00e9 R$ 30 junto com a pr\u00f3xima parcela mensal.<\/p>\n<p>O Fies \u00e9 um programa do governo que financia mensalidades em institui\u00e7\u00f5es privadas de ensino a condi\u00e7\u00f5es especiais.<\/p>\n<p>As regras publicadas\u00a0<span id=\"OBJ_PREFIX_DWT114_com_zimbra_date\" role=\"link\">hoje<\/span>\u00a0valem para os valores pagos para as institui\u00e7\u00f5es de ensino pelos estudantes que n\u00e3o t\u00eam financiamento de 100%. Eles devem pagar todos os meses uma parte da mensalidade \u00e0s institui\u00e7\u00f5es.<\/p>\n<p>A partir deste semestre, para evitar cobran\u00e7as abusivas, o Minist\u00e9rio da Educa\u00e7\u00e3o (MEC) determinou que os pagamentos passem pela Caixa Econ\u00f4mica Federal, antes de serem transferidos para as institui\u00e7\u00f5es privadas de ensino.<\/p>\n<p>A resolu\u00e7\u00e3o estabelece que a renegocia\u00e7\u00e3o ser\u00e1 operacionalizada pela internet. O agente financeiro\u00a0<span id=\"OBJ_PREFIX_DWT115_com_zimbra_date\" role=\"link\">ter<\/span>\u00e1 120 dias para criar e disponibilizar esse portal, por meio do qual o estudante poder\u00e1 solicitar a renegocia\u00e7\u00e3o e a institui\u00e7\u00e3o de ensino, validar o pedido.\u00a0 O estudante que deixar de pagar uma mensalidade j\u00e1 \u00e9 considerado inadimplente e deve buscar a renegocia\u00e7\u00e3o.<\/p>\n<p>De acordo com o FNDE, a expectativa \u00e9 que as renova\u00e7\u00f5es dos contratos do Fies sejam feitas a partir<span id=\"OBJ_PREFIX_DWT116_com_zimbra_date\" role=\"link\">\u00a0de agosto<\/span>. Por ser um dado que cabe a cada institui\u00e7\u00e3o de ensino, a autarquia diz que n\u00e3o tem o n\u00famero total de estudantes atualmente em atraso.<\/p>\n<p><strong>Financiamento m\u00e1ximo e m\u00ednimo<\/strong><\/p>\n<p>Tamb\u00e9m\u00a0<span id=\"OBJ_PREFIX_DWT117_com_zimbra_date\" role=\"link\">hoje<\/span>\u00a0foram publicadas as resolu\u00e7\u00f5es que tratam da garantia de pelo menos 50% de financiamento pelo Fies e do teto de R$ 42.983,70 por semestre. Ambas medidas foram anunciadas na semana passada pelo ministro da Educa\u00e7\u00e3o, Rossieli Soares.<\/p>\n<p>O limite foi estabelecido para que cursos com mensalidade de R$ 7 mil possam voltar a ser financiados pelo programa \u2013 que havia reduzido o teto para R$ 5 mil. Com isso, estudantes de medicina, por exemplo, que se enquadrem nas regras do Fies poder\u00e3o contar com o benef\u00edcio.<\/p>\n<p>Segundo o ministro, o piso foi fixado para tornar o Fies mais atraente. At\u00e9 este semestre, o sistema podia calcular o percentual da mensalidade que seria financiado conforme a renda do estudante e outros crit\u00e9rios. O financiamento poderia chegar a 8%, por exemplo.<\/p>\n<p>As regras valem a partir do pr\u00f3ximo semestre. Os estudantes que contrataram o Fies com porcentagem inferior a 50% poder\u00e3o pedir para entrar na nova regra.<\/p>\n<p>As mudan\u00e7as foram feitas no chamado Fies p\u00fablico. Neste ano, 100 mil vagas ser\u00e3o ofertadas nessa modalidade, com juro zero e financiadas diretamente pelo governo. As vagas s\u00e3o destinadas a estudantes com renda familiar\u00a0<em>per capita<\/em>\u00a0de at\u00e9 tr\u00eas sal\u00e1rios m\u00ednimos, ou R$ 2.862.<\/p>\n<p>Fonte: Ag\u00eancia Brasil<\/p>\n","protected":false},"excerpt":{"rendered":"<p>Os estudantes beneficiados pelo Fundo de Financiamento Estudantil (Fies) que estiverem devendo \u00e0s institui\u00e7\u00f5es de ensino nas quais est\u00e3o matriculados poder\u00e3o negociar o parcelamento da d\u00edvida em at\u00e9 18 meses, de acordo com\u00a0resolu\u00e7\u00e3o\u00a0publicada nessa quarta-feira, 13,\u00a0pelo Fundo Nacional de Desenvolvimento da Educa\u00e7\u00e3o (FNDE), no\u00a0Di\u00e1rio Oficial da Uni\u00e3o. Segundo o FNDE, at\u00e9 o ano passado, era [&hellip;]<\/p>\n","protected":false},"author":96,"featured_media":107826,"comment_status":"closed","ping_status":"closed","sticky":false,"template":"","format":"standard","meta":{"footnotes":""},"categories":[302,439],"tags":[],"class_list":["post-107825","post","type-post","status-publish","format-standard","has-post-thumbnail","hentry","category-brasil-mundo","category-ultima-hora"],"_links":{"self":[{"href":"https:\/\/diarioregionaldigital.com.br\/index.php?rest_route=\/wp\/v2\/posts\/107825","targetHints":{"allow":["GET"]}}],"collection":[{"href":"https:\/\/diarioregionaldigital.com.br\/index.php?rest_route=\/wp\/v2\/posts"}],"about":[{"href":"https:\/\/diarioregionaldigital.com.br\/index.php?rest_route=\/wp\/v2\/types\/post"}],"author":[{"embeddable":true,"href":"https:\/\/diarioregionaldigital.com.br\/index.php?rest_route=\/wp\/v2\/users\/96"}],"replies":[{"embeddable":true,"href":"https:\/\/diarioregionaldigital.com.br\/index.php?rest_route=%2Fwp%2Fv2%2Fcomments&post=107825"}],"version-history":[{"count":0,"href":"https:\/\/diarioregionaldigital.com.br\/index.php?rest_route=\/wp\/v2\/posts\/107825\/revisions"}],"wp:featuredmedia":[{"embeddable":true,"href":"https:\/\/diarioregionaldigital.com.br\/index.php?rest_route=\/wp\/v2\/media\/107826"}],"wp:attachment":[{"href":"https:\/\/diarioregionaldigital.com.br\/index.php?rest_route=%2Fwp%2Fv2%2Fmedia&parent=107825"}],"wp:term":[{"taxonomy":"category","embeddable":true,"href":"https:\/\/diarioregionaldigital.com.br\/index.php?rest_route=%2Fwp%2Fv2%2Fcategories&post=107825"},{"taxonomy":"post_tag","embeddable":true,"href":"https:\/\/diarioregionaldigital.com.br\/index.php?rest_route=%2Fwp%2Fv2%2Ftags&post=107825"}],"curies":[{"name":"wp","href":"https:\/\/api.w.org\/{rel}","templated":true}]}}