{"id":107817,"date":"2018-06-14T09:37:24","date_gmt":"2018-06-14T12:37:24","guid":{"rendered":"http:\/\/diarioregionaljf.com.br\/?p=107817"},"modified":"2018-06-14T09:37:40","modified_gmt":"2018-06-14T12:37:40","slug":"policia-e-mp-deflagram-operacao-contra-faccao-criminosa-em-14-estados","status":"publish","type":"post","link":"https:\/\/diarioregionaldigital.com.br\/?p=107817","title":{"rendered":"Pol\u00edcia e MP deflagram opera\u00e7\u00e3o contra fac\u00e7\u00e3o criminosa em 14 estados"},"content":{"rendered":"<p>A Pol\u00edcia Civil e o Minist\u00e9rio P\u00fablico de S\u00e3o Paulo deflagraram, no in\u00edcio da manh\u00e3 de hoje, 14, opera\u00e7\u00e3o contra as ramifica\u00e7\u00f5es interestaduais da fac\u00e7\u00e3o criminosa Primeiro Comando da Capital (PCC). S\u00e3o cumpridos 59 mandados de busca e apreens\u00e3o em 14 Estados, al\u00e9m de 75 pris\u00f5es preventivas de integrantes da fac\u00e7\u00e3o.<\/p>\n<p>Segundo as investiga\u00e7\u00f5es, a c\u00fapula do grupo mant\u00e9m contato com bandidos em outros estados, atuando no tr\u00e1fico de armas e drogas. Em S\u00e3o Paulo, a fac\u00e7\u00e3o tem 10,9 mil integrantes, mas, no restante do pa\u00eds, o n\u00famero de participantes cresceu seis vezes nos \u00faltimos quatro anos. Houve aumento de 3 mil membros para pouco mais de 20 mil em 2018.<\/p>\n<p>Depois de S\u00e3o Paulo, os estados que concentram o maior n\u00famero de integrantes do PCC s\u00e3o Paran\u00e1 (2.829), Cear\u00e1 (2.582) e Minas Gerais (1.432). Este \u00faltimo, sofreu uma s\u00e9rie de atentados contra \u00f4nibus e ataques contra postos policiais na semana passada. A fac\u00e7\u00e3o conta ainda com membros em outros cinco pa\u00edses: Bol\u00edvia, Col\u00f4mbia, Guiana, Paraguai e Peru.<\/p>\n<p>De acordo com as investiga\u00e7\u00f5es, a expans\u00e3o do PCC culminou na rea\u00e7\u00e3o de gangues locais, que se aliaram ao Comando Vermelho, iniciando uma guerra que atinge principalmente os estados do Norte e do Nordeste do pa\u00eds.<\/p>\n<p>As investiga\u00e7\u00f5es tiveram in\u00edcio em junho de 2017, quando o l\u00edder m\u00e1ximo da fac\u00e7\u00e3o, Marco Willians Herbas Camacho, o Marcola, foi mantido isolado pela sexta vez no Regime Disciplinar Diferenciado (RDD) do pres\u00eddio de Presidente Bernardes, motivo pelo qual Marcola n\u00e3o figura entre os procurados na opera\u00e7\u00e3o.<\/p>\n<p>&nbsp;<\/p>\n<p>Fonte: Ag\u00eancia Brasil<\/p>\n","protected":false},"excerpt":{"rendered":"<p>A Pol\u00edcia Civil e o Minist\u00e9rio P\u00fablico de S\u00e3o Paulo deflagraram, no in\u00edcio da manh\u00e3 de hoje, 14, opera\u00e7\u00e3o contra as ramifica\u00e7\u00f5es interestaduais da fac\u00e7\u00e3o criminosa Primeiro Comando da Capital (PCC). S\u00e3o cumpridos 59 mandados de busca e apreens\u00e3o em 14 Estados, al\u00e9m de 75 pris\u00f5es preventivas de integrantes da fac\u00e7\u00e3o. Segundo as investiga\u00e7\u00f5es, a [&hellip;]<\/p>\n","protected":false},"author":96,"featured_media":97709,"comment_status":"closed","ping_status":"closed","sticky":false,"template":"","format":"standard","meta":{"footnotes":""},"categories":[302,439],"tags":[],"class_list":["post-107817","post","type-post","status-publish","format-standard","has-post-thumbnail","hentry","category-brasil-mundo","category-ultima-hora"],"_links":{"self":[{"href":"https:\/\/diarioregionaldigital.com.br\/index.php?rest_route=\/wp\/v2\/posts\/107817","targetHints":{"allow":["GET"]}}],"collection":[{"href":"https:\/\/diarioregionaldigital.com.br\/index.php?rest_route=\/wp\/v2\/posts"}],"about":[{"href":"https:\/\/diarioregionaldigital.com.br\/index.php?rest_route=\/wp\/v2\/types\/post"}],"author":[{"embeddable":true,"href":"https:\/\/diarioregionaldigital.com.br\/index.php?rest_route=\/wp\/v2\/users\/96"}],"replies":[{"embeddable":true,"href":"https:\/\/diarioregionaldigital.com.br\/index.php?rest_route=%2Fwp%2Fv2%2Fcomments&post=107817"}],"version-history":[{"count":0,"href":"https:\/\/diarioregionaldigital.com.br\/index.php?rest_route=\/wp\/v2\/posts\/107817\/revisions"}],"wp:featuredmedia":[{"embeddable":true,"href":"https:\/\/diarioregionaldigital.com.br\/index.php?rest_route=\/wp\/v2\/media\/97709"}],"wp:attachment":[{"href":"https:\/\/diarioregionaldigital.com.br\/index.php?rest_route=%2Fwp%2Fv2%2Fmedia&parent=107817"}],"wp:term":[{"taxonomy":"category","embeddable":true,"href":"https:\/\/diarioregionaldigital.com.br\/index.php?rest_route=%2Fwp%2Fv2%2Fcategories&post=107817"},{"taxonomy":"post_tag","embeddable":true,"href":"https:\/\/diarioregionaldigital.com.br\/index.php?rest_route=%2Fwp%2Fv2%2Ftags&post=107817"}],"curies":[{"name":"wp","href":"https:\/\/api.w.org\/{rel}","templated":true}]}}