{"id":107801,"date":"2018-06-14T08:57:04","date_gmt":"2018-06-14T11:57:04","guid":{"rendered":"http:\/\/diarioregionaljf.com.br\/?p=107801"},"modified":"2018-06-14T08:57:04","modified_gmt":"2018-06-14T11:57:04","slug":"mp-que-cria-ministerio-da-seguranca-publica-e-aprovada-na-camara","status":"publish","type":"post","link":"https:\/\/diarioregionaldigital.com.br\/?p=107801","title":{"rendered":"MP que cria Minist\u00e9rio da Seguran\u00e7a P\u00fablica \u00e9 aprovada na C\u00e2mara"},"content":{"rendered":"<p>A C\u00e2mara dos Deputados aprovou, nesta quarta-feira, 13, a Medida Provis\u00f3ria 821\/18, que cria o Minist\u00e9rio da Seguran\u00e7a P\u00fablica para absorver atribui\u00e7\u00f5es antes vinculadas ao Minist\u00e9rio da Justi\u00e7a e relacionadas ao tema. A mat\u00e9ria segue para aprecia\u00e7\u00e3o do Senado.<\/p>\n<p>A medida foi editada pelo presidente Michel Temer em fevereiro deste ano, dias depois de o governo anunciar a interven\u00e7\u00e3o federal na \u00e1rea de seguran\u00e7a no Rio de Janeiro. Para que fosse aprovada, deputados da base governista e parlamentares da oposi\u00e7\u00e3o fizeram um acordo para retirar do texto o desmembramento do Instituto de Pesquisa Econ\u00f4mica Aplicada (Ipea) para que fosse criado o Instituto Nacional de Estudos sobre Seguran\u00e7a P\u00fablica (Inesp).<\/p>\n<p>Segundo o ministro da pasta, Raul Jungmann, o Inesp ter\u00e1 atua\u00e7\u00e3o semelhante a do Instituto Nacional de Estudos e Pesquisas Educacionais An\u00edsio Teixeira (Inep) na \u00e1rea de educa\u00e7\u00e3o. \u201c\u00c9 fundamental para que n\u00f3s saibamos todos como est\u00e1 indo a seguran\u00e7a p\u00fablica no Brasil. \u00c0 exemplo do que acontece com a Educa\u00e7\u00e3o, no Inep, n\u00f3s vamos ter padr\u00f5es, avalia\u00e7\u00e3o, monitoramento, vamos saber como est\u00e1 a criminalidade e a seguran\u00e7a no Brasil para poder instruir pol\u00edticas nacionais\u201d, explicou Jungmann.<\/p>\n<p>Entre as compet\u00eancias do novo minist\u00e9rio figuram coordenar e promover a integra\u00e7\u00e3o da seguran\u00e7a p\u00fablica em todo o territ\u00f3rio nacional em coopera\u00e7\u00e3o com os demais entes federativos; exercer, planejar, coordenar e administrar a pol\u00edtica penitenci\u00e1ria nacional; e o patrulhamento ostensivo das rodovias federais, por meio da Pol\u00edcia Rodovi\u00e1ria Federal.<\/p>\n<p>Tamb\u00e9m caber\u00e1 \u00e0 pasta exercer a pol\u00edtica de organiza\u00e7\u00e3o e manuten\u00e7\u00e3o da Pol\u00edcia Civil, da Pol\u00edcia Militar e do Corpo de Bombeiros Militar do Distrito Federal; e a defesa dos bens e dos pr\u00f3prios da Uni\u00e3o e das entidades integrantes da administra\u00e7\u00e3o p\u00fablica federal indireta.<\/p>\n<p>A estrutura do minist\u00e9rio ser\u00e1 composta pelo Departamento de Pol\u00edcia Federal; pelo Departamento de Pol\u00edcia Rodovi\u00e1ria Federal, o Departamento Penitenci\u00e1rio Nacional, o Conselho Nacional de Seguran\u00e7a P\u00fablica, o Conselho Nacional de Pol\u00edtica Criminal e Penitenci\u00e1ria, e a Secretaria Nacional de Seguran\u00e7a P\u00fablica, \u00f3rg\u00e3o respons\u00e1vel pela For\u00e7a Nacional de Seguran\u00e7a P\u00fablica.<\/p>\n<p>De acordo com o ministro, os cargos para o novo minist\u00e9rio ser\u00e3o criados a partir do remanejamento de cargos de outros \u00f3rg\u00e3os federais.<\/p>\n<p>\u201c\u00c9 poss\u00edvel criar essa estrutura remanejando cargos, colocando recursos que j\u00e1 est\u00e3o dispon\u00edveis atrav\u00e9s da arrecada\u00e7\u00e3o redistribu\u00edda da Caixa [Econ\u00f4mica Federal] para o Fundo Nacional de Seguran\u00e7a e \u00e9 imprescind\u00edvel dizer que sem estrutura, sem governan\u00e7a n\u00e3o poder\u00e1 o governo federal dar rumo \u00e0 Seguran\u00e7a P\u00fablica\u201d, ressaltou.<\/p>\n<p>Fonte: Ag\u00eancia Brasil<\/p>\n","protected":false},"excerpt":{"rendered":"<p>A C\u00e2mara dos Deputados aprovou, nesta quarta-feira, 13, a Medida Provis\u00f3ria 821\/18, que cria o Minist\u00e9rio da Seguran\u00e7a P\u00fablica para absorver atribui\u00e7\u00f5es antes vinculadas ao Minist\u00e9rio da Justi\u00e7a e relacionadas ao tema. A mat\u00e9ria segue para aprecia\u00e7\u00e3o do Senado. A medida foi editada pelo presidente Michel Temer em fevereiro deste ano, dias depois de o [&hellip;]<\/p>\n","protected":false},"author":96,"featured_media":97343,"comment_status":"closed","ping_status":"closed","sticky":false,"template":"","format":"standard","meta":{"footnotes":""},"categories":[254,439],"tags":[],"class_list":["post-107801","post","type-post","status-publish","format-standard","has-post-thumbnail","hentry","category-politica","category-ultima-hora"],"_links":{"self":[{"href":"https:\/\/diarioregionaldigital.com.br\/index.php?rest_route=\/wp\/v2\/posts\/107801","targetHints":{"allow":["GET"]}}],"collection":[{"href":"https:\/\/diarioregionaldigital.com.br\/index.php?rest_route=\/wp\/v2\/posts"}],"about":[{"href":"https:\/\/diarioregionaldigital.com.br\/index.php?rest_route=\/wp\/v2\/types\/post"}],"author":[{"embeddable":true,"href":"https:\/\/diarioregionaldigital.com.br\/index.php?rest_route=\/wp\/v2\/users\/96"}],"replies":[{"embeddable":true,"href":"https:\/\/diarioregionaldigital.com.br\/index.php?rest_route=%2Fwp%2Fv2%2Fcomments&post=107801"}],"version-history":[{"count":0,"href":"https:\/\/diarioregionaldigital.com.br\/index.php?rest_route=\/wp\/v2\/posts\/107801\/revisions"}],"wp:featuredmedia":[{"embeddable":true,"href":"https:\/\/diarioregionaldigital.com.br\/index.php?rest_route=\/wp\/v2\/media\/97343"}],"wp:attachment":[{"href":"https:\/\/diarioregionaldigital.com.br\/index.php?rest_route=%2Fwp%2Fv2%2Fmedia&parent=107801"}],"wp:term":[{"taxonomy":"category","embeddable":true,"href":"https:\/\/diarioregionaldigital.com.br\/index.php?rest_route=%2Fwp%2Fv2%2Fcategories&post=107801"},{"taxonomy":"post_tag","embeddable":true,"href":"https:\/\/diarioregionaldigital.com.br\/index.php?rest_route=%2Fwp%2Fv2%2Ftags&post=107801"}],"curies":[{"name":"wp","href":"https:\/\/api.w.org\/{rel}","templated":true}]}}