{"id":107799,"date":"2018-06-14T09:08:54","date_gmt":"2018-06-14T12:08:54","guid":{"rendered":"http:\/\/diarioregionaljf.com.br\/?p=107799"},"modified":"2018-06-14T09:10:53","modified_gmt":"2018-06-14T12:10:53","slug":"rapaz-e-morto-com-tres-tiros-no-santa-luzia","status":"publish","type":"post","link":"https:\/\/diarioregionaldigital.com.br\/?p=107799","title":{"rendered":"Rapaz \u00e9 morto com tr\u00eas tiros no Santa Luzia"},"content":{"rendered":"<p>Um rapaz de 21 anos morreu ap\u00f3s ser atingido por tr\u00eas tiros na Rua Ibitiguaia, bairro Santa Luzia, zona Sul da cidade, na manh\u00e3 dessa quarta-feira, 13. O crime teria sido motivado por uma briga ocorrida entre a v\u00edtima e um outro rapaz em uma casa de shows, durante a madrugada.<\/p>\n<p>De acordo com o registro de ocorr\u00eancia da Pol\u00edcia Militar (PM), a v\u00edtima estava no referido endere\u00e7o quando indiv\u00edduos passaram em um ve\u00edculo prata e um dos ocupantes efetuou v\u00e1rios disparos contra o rapaz.<\/p>\n<p>Ainda conforme a PM, o suspeito de cometer o crime \u00e9 um outro jovem, de 20 anos. Nem ele, nem o rapaz com quem a v\u00edtima teria se desentendido foram localizados.<\/p>\n<p>O Servi\u00e7o de Atendimento M\u00f3vel de Urg\u00eancia (SAMU) esteve no local e constatou o \u00f3bito. Ap\u00f3s os trabalhos periciais, o corpo da v\u00edtima foi removido para o Instituto M\u00e9dico Legal (IML).<\/p>\n<p>&nbsp;<\/p>\n<p><span style=\"font-size: 12pt;\"><strong>TENTATIVA DE HOMIC\u00cdDIO<\/strong><\/span><\/p>\n<p>No Bairro J\u00f3quei Clube III, zona Norte da cidade, um jovem de 20 anos foi alvejado por sete tiros durante uma tentativa de homic\u00eddio na tarde dessa quarta-feira, 13. De acordo com informa\u00e7\u00f5es da PM, dois indiv\u00edduos teriam\u00a0 passado em uma moto e efetuado os disparos contra a v\u00edtima.<\/p>\n<p>O rapaz foi socorrido para o Hospital de Pronto Socorro (HPS), sendo constatadas duas perfura\u00e7\u00f5es em sua barriga, duas no t\u00f3rax e tr\u00eas nas pernas.<\/p>\n<p>Um adolescente de 17 anos foi reconhecido por uma testemunha e pela v\u00edtima como sendo o autor dos disparos. Ele n\u00e3o foi localizado pela pol\u00edcia. Um jovem de 22 anos tamb\u00e9m foi reconhecido por uma testemunha como sendo o condutor da moto usada na pr\u00e1tica do crime. O rapaz foi preso e o ve\u00edculo apreendido.<\/p>\n<p>Ainda segundo informa\u00e7\u00f5es da PM, ap\u00f3s o fato familiares da v\u00edtima teriam colocado fogo na resid\u00eancia da m\u00e3e do adolescente, sendo necess\u00e1ria a interven\u00e7\u00e3o de uma guarni\u00e7\u00e3o do Corpo de Bombeiros para debelar o inc\u00eandio.<\/p>\n","protected":false},"excerpt":{"rendered":"<p>Um rapaz de 21 anos morreu ap\u00f3s ser atingido por tr\u00eas tiros na Rua Ibitiguaia, bairro Santa Luzia, zona Sul da cidade, na manh\u00e3 dessa quarta-feira, 13. O crime teria sido motivado por uma briga ocorrida entre a v\u00edtima e um outro rapaz em uma casa de shows, durante a madrugada. De acordo com o [&hellip;]<\/p>\n","protected":false},"author":96,"featured_media":95836,"comment_status":"closed","ping_status":"closed","sticky":false,"template":"","format":"standard","meta":{"footnotes":""},"categories":[301,439],"tags":[],"class_list":["post-107799","post","type-post","status-publish","format-standard","has-post-thumbnail","hentry","category-artigos-policiais","category-ultima-hora"],"_links":{"self":[{"href":"https:\/\/diarioregionaldigital.com.br\/index.php?rest_route=\/wp\/v2\/posts\/107799","targetHints":{"allow":["GET"]}}],"collection":[{"href":"https:\/\/diarioregionaldigital.com.br\/index.php?rest_route=\/wp\/v2\/posts"}],"about":[{"href":"https:\/\/diarioregionaldigital.com.br\/index.php?rest_route=\/wp\/v2\/types\/post"}],"author":[{"embeddable":true,"href":"https:\/\/diarioregionaldigital.com.br\/index.php?rest_route=\/wp\/v2\/users\/96"}],"replies":[{"embeddable":true,"href":"https:\/\/diarioregionaldigital.com.br\/index.php?rest_route=%2Fwp%2Fv2%2Fcomments&post=107799"}],"version-history":[{"count":0,"href":"https:\/\/diarioregionaldigital.com.br\/index.php?rest_route=\/wp\/v2\/posts\/107799\/revisions"}],"wp:featuredmedia":[{"embeddable":true,"href":"https:\/\/diarioregionaldigital.com.br\/index.php?rest_route=\/wp\/v2\/media\/95836"}],"wp:attachment":[{"href":"https:\/\/diarioregionaldigital.com.br\/index.php?rest_route=%2Fwp%2Fv2%2Fmedia&parent=107799"}],"wp:term":[{"taxonomy":"category","embeddable":true,"href":"https:\/\/diarioregionaldigital.com.br\/index.php?rest_route=%2Fwp%2Fv2%2Fcategories&post=107799"},{"taxonomy":"post_tag","embeddable":true,"href":"https:\/\/diarioregionaldigital.com.br\/index.php?rest_route=%2Fwp%2Fv2%2Ftags&post=107799"}],"curies":[{"name":"wp","href":"https:\/\/api.w.org\/{rel}","templated":true}]}}