{"id":107793,"date":"2018-06-14T08:15:22","date_gmt":"2018-06-14T11:15:22","guid":{"rendered":"http:\/\/diarioregionaljf.com.br\/?p=107793"},"modified":"2018-06-14T08:16:30","modified_gmt":"2018-06-14T11:16:30","slug":"adolescentes-sao-detidos-por-roubo-no-bairro-vila-ideal","status":"publish","type":"post","link":"https:\/\/diarioregionaldigital.com.br\/?p=107793","title":{"rendered":"Adolescentes s\u00e3o detidos por roubo no bairro Vila Ideal"},"content":{"rendered":"<p>Dois adolescentes, de 13 e 17 anos, foram detidos ap\u00f3s roubarem o telefone celular de um rapaz no bairro Vila Ideal, zona Sudeste de Juiz de Fora, na noite dessa quarta-feira, 13. A dupla utilizou uma garrucha para efetuar o assalto.<\/p>\n<p>De acordo com o registro de ocorr\u00eancia da Pol\u00edcia Militar (PM), ap\u00f3s receber informa\u00e7\u00f5es sobre o roubo e de posse dos dados fornecidos, uma equipe iniciou rastreamento aos suspeitos. Os menores estavam correndo quando foram localizados e tentaram se livrar da prova do crime, jogando o telefone no ch\u00e3o.<\/p>\n<p>Ao serem abordados pelos militares e questionados sobre o roubo, os adolescentes confirmaram ter efetuado o assalto e relataram que a arma usada por eles estava escondida. Ap\u00f3s se deslocaram ao local indicado, os militares localizaram e apreenderam a garrucha.<\/p>\n<p>A vitima reconheceu um dos autores e o celular recuperado como sendo de sua propriedade. Os menores, acompanhados de seus representantes legais, foram conduzidos \u00e0 delegacia.<\/p>\n<p>&nbsp;<\/p>\n<p><span style=\"font-size: 12pt;\"><strong>BOM PASTOR<\/strong><\/span><\/p>\n<p>Um adolescente de 15 anos tamb\u00e9m foi apreendido ap\u00f3s roubar o celular de um homem no Bairro Bom Pastor, na zona Sul. Os militares localizaram o suspeito, de posse do objeto roubado, na Rua Senador Salgado Filho.<\/p>\n<p>De acordo com a PM, o menor tentou fugir e acabou se chocando contra uma parede, vindo a sofrer algumas escoria\u00e7\u00f5es no rosto. Ele foi reconhecido pela v\u00edtima, que relatou ter sido empurrada pelo menor e ter tido o telefone subtra\u00eddo \u00e0 for\u00e7a pelo mesmo.<\/p>\n<p>O menor foi conduzido \u00e0 delegacia para as demais provid\u00eancias.<\/p>\n","protected":false},"excerpt":{"rendered":"<p>Dois adolescentes, de 13 e 17 anos, foram detidos ap\u00f3s roubarem o telefone celular de um rapaz no bairro Vila Ideal, zona Sudeste de Juiz de Fora, na noite dessa quarta-feira, 13. A dupla utilizou uma garrucha para efetuar o assalto. De acordo com o registro de ocorr\u00eancia da Pol\u00edcia Militar (PM), ap\u00f3s receber informa\u00e7\u00f5es [&hellip;]<\/p>\n","protected":false},"author":96,"featured_media":95836,"comment_status":"closed","ping_status":"closed","sticky":false,"template":"","format":"standard","meta":{"footnotes":""},"categories":[301,439],"tags":[],"class_list":["post-107793","post","type-post","status-publish","format-standard","has-post-thumbnail","hentry","category-artigos-policiais","category-ultima-hora"],"_links":{"self":[{"href":"https:\/\/diarioregionaldigital.com.br\/index.php?rest_route=\/wp\/v2\/posts\/107793","targetHints":{"allow":["GET"]}}],"collection":[{"href":"https:\/\/diarioregionaldigital.com.br\/index.php?rest_route=\/wp\/v2\/posts"}],"about":[{"href":"https:\/\/diarioregionaldigital.com.br\/index.php?rest_route=\/wp\/v2\/types\/post"}],"author":[{"embeddable":true,"href":"https:\/\/diarioregionaldigital.com.br\/index.php?rest_route=\/wp\/v2\/users\/96"}],"replies":[{"embeddable":true,"href":"https:\/\/diarioregionaldigital.com.br\/index.php?rest_route=%2Fwp%2Fv2%2Fcomments&post=107793"}],"version-history":[{"count":0,"href":"https:\/\/diarioregionaldigital.com.br\/index.php?rest_route=\/wp\/v2\/posts\/107793\/revisions"}],"wp:featuredmedia":[{"embeddable":true,"href":"https:\/\/diarioregionaldigital.com.br\/index.php?rest_route=\/wp\/v2\/media\/95836"}],"wp:attachment":[{"href":"https:\/\/diarioregionaldigital.com.br\/index.php?rest_route=%2Fwp%2Fv2%2Fmedia&parent=107793"}],"wp:term":[{"taxonomy":"category","embeddable":true,"href":"https:\/\/diarioregionaldigital.com.br\/index.php?rest_route=%2Fwp%2Fv2%2Fcategories&post=107793"},{"taxonomy":"post_tag","embeddable":true,"href":"https:\/\/diarioregionaldigital.com.br\/index.php?rest_route=%2Fwp%2Fv2%2Ftags&post=107793"}],"curies":[{"name":"wp","href":"https:\/\/api.w.org\/{rel}","templated":true}]}}