{"id":107788,"date":"2018-06-14T07:41:50","date_gmt":"2018-06-14T10:41:50","guid":{"rendered":"http:\/\/diarioregionaljf.com.br\/?p=107788"},"modified":"2018-06-14T07:42:15","modified_gmt":"2018-06-14T10:42:15","slug":"caixa-e-bb-divulgam-calendario-de-saques-do-pis-pasep","status":"publish","type":"post","link":"https:\/\/diarioregionaldigital.com.br\/?p=107788","title":{"rendered":"Caixa e BB divulgam calend\u00e1rio de saques do PIS\/Pasep"},"content":{"rendered":"<p>A Caixa Econ\u00f4mica Federal e o Banco do Brasil (BB) divulgaram ontem, 13, o calend\u00e1rio de saques das contas inativas dos fundos dos programas de Integra\u00e7\u00e3o Social (PIS) e de Forma\u00e7\u00e3o do Patrim\u00f4nio do Servidor P\u00fablico (Pasep). Mais cedo, em cerim\u00f4nia no Pal\u00e1cio do Planalto, o presidente Michel Temer sancionou a lei e assinou o decreto que regulamentam os saques, que agora poder\u00e3o ser feitos por todas as pessoas que tem direito ao benef\u00edcio, e n\u00e3o apenas para cotistas com 60 anos ou mais, como vigorava na regra anterior.<\/p>\n<p>O pagamento das cotas deve injetar R$39,5 bilh\u00f5es na economia, com impacto potencial no Produto Interno Bruto (PIB) na ordem de 0,55 ponto percentual. Cerca de 28,7 milh\u00f5es de pessoas t\u00eam dinheiro em contas inativas do PIS\/Pasep para resgatar. Desse total, 3,6 milh\u00f5es j\u00e1 fizeram o saque at\u00e9 maio desse ano, num total de R$5 bilh\u00f5es. Os outros R$34,3 bilh\u00f5es ficar\u00e3o dispon\u00edveis para serem sacados no Banco do Brasil (servidores p\u00fablicos) e na Caixa Econ\u00f4mica Federal (trabalhadores do setor privado).<\/p>\n<p>&nbsp;<\/p>\n<p><strong><span style=\"font-size: 12pt;\">AGENDA<\/span><\/strong><\/p>\n<p>Com in\u00edcio na pr\u00f3xima segunda-feira, 18, cotistas do PIS\/Pasep com idade a partir de 57 anos poder\u00e3o procurar as ag\u00eancias do BB e da Caixa para sacar o benef\u00edcio. Essa primeira etapa vai at\u00e9 o pr\u00f3ximo dia 29 de junho. Depois disso, os pagamentos ser\u00e3o interrompidos, entre os dias 30 de junho e 7 de agosto, per\u00edodo em que s\u00e3o aplicadas as corre\u00e7\u00f5es monet\u00e1rias do exerc\u00edcio 2017\/2018 sobre o benef\u00edcio. No ano passado, por exemplo, o reajuste nos saldos foi de 8,9%. Nesse caso, segundo os bancos, quem puder esperar para sacar a partir de 8 de agosto, receber\u00e1 um valor superior ao que est\u00e1 na conta atualmente.<\/p>\n<p>A janela de saques do PIS\/Pasep vai at\u00e9 o dia 28 de setembro, mas apenas para trabalhadores com at\u00e9 59 anos. Aqueles que tem 60 anos ou mais, seguem valendo as regras que j\u00e1 estavam em vigor, que permitem o saque do benef\u00edcio a qualquer tempo, inclusive ap\u00f3s o fim de setembro.<\/p>\n<p>&nbsp;<\/p>\n<p><strong><span style=\"font-size: 12pt;\">REGRAS DO BB<\/span><\/strong><\/p>\n<p>De acordo com o Banco do Brasil, respons\u00e1vel pelo pagamento dos saldos do Pasep, que beneficia servidores p\u00fablicos, caso o cotista n\u00e3o seja correntista ou poupador do BB e possuir saldo de at\u00e9 R$2,5 mil, ele poder\u00e1 realizar a transfer\u00eancia da sua cota via transfer\u00eancia eletr\u00f4nica direta (TED) para conta de sua titularidade em outro banco, sem nenhum custo. A opera\u00e7\u00e3o poder\u00e1 ser feita nos terminais de autoatendimento do BB ou na internet (www.bb.com.br\/pasep).<\/p>\n<p>No mesmo portal na internet, os cotistas poder\u00e3o conferir o quanto possuem de saldo na conta inativa. Para quem tiver saldo superior a R$2,5 mil, os saques poder\u00e3o ser realizados nas ag\u00eancias do banco, bastando que o cotista apresente documento oficial de identifica\u00e7\u00e3o.<\/p>\n<p>&nbsp;<\/p>\n<p><strong><span style=\"font-size: 12pt;\">REGRAS DA CAIXA<\/span><\/strong><\/p>\n<p>O saque das cotas do PIS, que beneficia trabalhadores do setor privado, ser\u00e1 efetivado ap\u00f3s a confirma\u00e7\u00e3o do direito nas ag\u00eancias da Caixa. Os pagamentos das cotas com valor at\u00e9 R$1,5 mil podem ser realizados no autoatendimento da Caixa apenas com a Senha Cidad\u00e3o, sem a necessidade do Cart\u00e3o do Cidad\u00e3o, ou com Cart\u00e3o Cidad\u00e3o e senha nas unidades lot\u00e9ricas e Caixa Aqui, mediante apresenta\u00e7\u00e3o de documento oficial de identifica\u00e7\u00e3o com foto.<\/p>\n<p>Os saques de valores at\u00e9 R$3 mil podem ser feitos com Cart\u00e3o do Cidad\u00e3o e Senha Cidad\u00e3o no autoatendimento, unidades lot\u00e9ricas e Caixa Aqui, com documento de identifica\u00e7\u00e3o oficial com foto.<\/p>\n<p>Os valores acima de R$3 mil devem ser sacados nas ag\u00eancias, mediante apresenta\u00e7\u00e3o de documento oficial de identifica\u00e7\u00e3o com foto. A Caixa ainda orienta que os trabalhadores consultem o site www.caixa.gov.br\/cotaspis para serem direcionados \u00e0 melhor op\u00e7\u00e3o de pagamento, antes de se dirigirem a um dos canais oferecidos.<\/p>\n<p>&nbsp;<\/p>\n<p><strong><span style=\"font-size: 12pt;\">HERDEIROS<\/span><\/strong><\/p>\n<p>No caso de cotistas falecidos, o benefici\u00e1rio legal poder\u00e1 sacar o PIS\/Pasep na Caixa ou no BB. Para isso, ele deve se apresentar nas ag\u00eancias da respectiva institui\u00e7\u00e3o financeira portando documentos oficiais de identifica\u00e7\u00e3o e comprova\u00e7\u00e3o da sua condi\u00e7\u00e3o de herdeiro do cotista que tem saldo a receber.<\/p>\n<p>&nbsp;<\/p>\n<p>Fonte: Ag\u00eancia Brasil<\/p>\n","protected":false},"excerpt":{"rendered":"<p>A Caixa Econ\u00f4mica Federal e o Banco do Brasil (BB) divulgaram ontem, 13, o calend\u00e1rio de saques das contas inativas dos fundos dos programas de Integra\u00e7\u00e3o Social (PIS) e de Forma\u00e7\u00e3o do Patrim\u00f4nio do Servidor P\u00fablico (Pasep). Mais cedo, em cerim\u00f4nia no Pal\u00e1cio do Planalto, o presidente Michel Temer sancionou a lei e assinou o [&hellip;]<\/p>\n","protected":false},"author":96,"featured_media":107789,"comment_status":"closed","ping_status":"closed","sticky":false,"template":"","format":"standard","meta":{"footnotes":""},"categories":[440,261],"tags":[],"class_list":["post-107788","post","type-post","status-publish","format-standard","has-post-thumbnail","hentry","category-destaques-do-dia","category-economia"],"_links":{"self":[{"href":"https:\/\/diarioregionaldigital.com.br\/index.php?rest_route=\/wp\/v2\/posts\/107788","targetHints":{"allow":["GET"]}}],"collection":[{"href":"https:\/\/diarioregionaldigital.com.br\/index.php?rest_route=\/wp\/v2\/posts"}],"about":[{"href":"https:\/\/diarioregionaldigital.com.br\/index.php?rest_route=\/wp\/v2\/types\/post"}],"author":[{"embeddable":true,"href":"https:\/\/diarioregionaldigital.com.br\/index.php?rest_route=\/wp\/v2\/users\/96"}],"replies":[{"embeddable":true,"href":"https:\/\/diarioregionaldigital.com.br\/index.php?rest_route=%2Fwp%2Fv2%2Fcomments&post=107788"}],"version-history":[{"count":0,"href":"https:\/\/diarioregionaldigital.com.br\/index.php?rest_route=\/wp\/v2\/posts\/107788\/revisions"}],"wp:featuredmedia":[{"embeddable":true,"href":"https:\/\/diarioregionaldigital.com.br\/index.php?rest_route=\/wp\/v2\/media\/107789"}],"wp:attachment":[{"href":"https:\/\/diarioregionaldigital.com.br\/index.php?rest_route=%2Fwp%2Fv2%2Fmedia&parent=107788"}],"wp:term":[{"taxonomy":"category","embeddable":true,"href":"https:\/\/diarioregionaldigital.com.br\/index.php?rest_route=%2Fwp%2Fv2%2Fcategories&post=107788"},{"taxonomy":"post_tag","embeddable":true,"href":"https:\/\/diarioregionaldigital.com.br\/index.php?rest_route=%2Fwp%2Fv2%2Ftags&post=107788"}],"curies":[{"name":"wp","href":"https:\/\/api.w.org\/{rel}","templated":true}]}}