{"id":107784,"date":"2018-06-14T07:30:06","date_gmt":"2018-06-14T10:30:06","guid":{"rendered":"http:\/\/diarioregionaljf.com.br\/?p=107784"},"modified":"2018-06-14T07:32:17","modified_gmt":"2018-06-14T10:32:17","slug":"cemig-divulga-resultado-final-do-concurso-publico-para-109-vagas","status":"publish","type":"post","link":"https:\/\/diarioregionaldigital.com.br\/?p=107784","title":{"rendered":"Cemig divulga resultado final do concurso p\u00fablico para 109 vagas"},"content":{"rendered":"<p>A Cemig divulgou, nessa quarta-feira, 13, no <a href=\"http:\/\/jornal.iof.mg.gov.br\/xmlui\/handle\/123456789\/202505\" target=\"_blank\" rel=\"noopener\">Di\u00e1rio Oficial de Minas Gerais<\/a>, o resultado final homologado do seu Concurso P\u00fablico 03\/2017, para provimento de 109 vagas e forma\u00e7\u00e3o de cadastro de reserva.<\/p>\n<p>Os candidatos aprovados ir\u00e3o assumir fun\u00e7\u00f5es de n\u00edvel m\u00e9dio e superior e os sal\u00e1rios-base iniciais v\u00e3o de R$2.498 a R$7.965, sob o regime da CLT, com jornada de trabalho de 40 horas semanais,\u00a0 exceto a fun\u00e7\u00e3o de Assistente Social, cuja jornada \u00e9 de 30 horas semanais.<\/p>\n<p>As fun\u00e7\u00f5es de n\u00edvel m\u00e9dio s\u00e3o para t\u00e9cnico de gest\u00e3o administrativa, t\u00e9cnico cont\u00e1bil, agente t\u00e9cnico de meio ambiente, t\u00e9cnico de opera\u00e7\u00e3o de subesta\u00e7\u00f5es, t\u00e9cnico de planejamento hidroenerg\u00e9tico, t\u00e9cnico de projetos e obras civis, t\u00e9cnico de projetos de sistema el\u00e9trico, t\u00e9cnico de seguran\u00e7a do trabalho, t\u00e9cnico de sistema el\u00e9trico, t\u00e9cnico de sistema el\u00e9trico campo, t\u00e9cnico mantenedor eletroeletr\u00f4nico da gera\u00e7\u00e3o, t\u00e9cnico mantenedor mec\u00e2nico da gera\u00e7\u00e3o, t\u00e9cnico supervis\u00e3o controle da opera\u00e7\u00e3o do sistema, t\u00e9cnico supervis\u00e3o controle do sistema el\u00e9trico distribui\u00e7\u00e3o, t\u00e9cnico de sistemas eletromec\u00e2nicos e t\u00e9cnico de telecomunica\u00e7\u00f5es.<\/p>\n<p>Para o n\u00edvel universit\u00e1rio, as fun\u00e7\u00f5es s\u00e3o para advogado, analista de gest\u00e3o administrativa, analista de gest\u00e3o cont\u00e1bil, analista de sistemas de inform\u00e1tica, assistente social, ge\u00f3logo, engenheiro de meio ambiente, engenheiro de planejamento hidroenerg\u00e9tico, engenheiro de seguran\u00e7a de barragens, engenheiro de seguran\u00e7a do trabalho, engenheiro de sistema el\u00e9trico, engenheiro de sistemas mec\u00e2nicos e engenheiro de telecomunica\u00e7\u00f5es.<\/p>\n<p>Clique <a href=\"http:\/\/www.cemig.com.br\/pt-br\/Recursos_Humanos\/Carreiras\/Paginas\/concursos.aspx\" target=\"_blank\" rel=\"noopener\">aqui<\/a> para acessar o resultado final homologado e demais publica\u00e7\u00f5es referentes ao concurso.<\/p>\n<p>&nbsp;<\/p>\n<p>Fonte: Ag\u00eancia Minas<\/p>\n","protected":false},"excerpt":{"rendered":"<p>A Cemig divulgou, nessa quarta-feira, 13, no Di\u00e1rio Oficial de Minas Gerais, o resultado final homologado do seu Concurso P\u00fablico 03\/2017, para provimento de 109 vagas e forma\u00e7\u00e3o de cadastro de reserva. Os candidatos aprovados ir\u00e3o assumir fun\u00e7\u00f5es de n\u00edvel m\u00e9dio e superior e os sal\u00e1rios-base iniciais v\u00e3o de R$2.498 a R$7.965, sob o regime [&hellip;]<\/p>\n","protected":false},"author":96,"featured_media":107786,"comment_status":"closed","ping_status":"closed","sticky":false,"template":"","format":"standard","meta":{"footnotes":""},"categories":[280,436],"tags":[],"class_list":["post-107784","post","type-post","status-publish","format-standard","has-post-thumbnail","hentry","category-concurso","category-destaque-da-semana"],"_links":{"self":[{"href":"https:\/\/diarioregionaldigital.com.br\/index.php?rest_route=\/wp\/v2\/posts\/107784","targetHints":{"allow":["GET"]}}],"collection":[{"href":"https:\/\/diarioregionaldigital.com.br\/index.php?rest_route=\/wp\/v2\/posts"}],"about":[{"href":"https:\/\/diarioregionaldigital.com.br\/index.php?rest_route=\/wp\/v2\/types\/post"}],"author":[{"embeddable":true,"href":"https:\/\/diarioregionaldigital.com.br\/index.php?rest_route=\/wp\/v2\/users\/96"}],"replies":[{"embeddable":true,"href":"https:\/\/diarioregionaldigital.com.br\/index.php?rest_route=%2Fwp%2Fv2%2Fcomments&post=107784"}],"version-history":[{"count":0,"href":"https:\/\/diarioregionaldigital.com.br\/index.php?rest_route=\/wp\/v2\/posts\/107784\/revisions"}],"wp:featuredmedia":[{"embeddable":true,"href":"https:\/\/diarioregionaldigital.com.br\/index.php?rest_route=\/wp\/v2\/media\/107786"}],"wp:attachment":[{"href":"https:\/\/diarioregionaldigital.com.br\/index.php?rest_route=%2Fwp%2Fv2%2Fmedia&parent=107784"}],"wp:term":[{"taxonomy":"category","embeddable":true,"href":"https:\/\/diarioregionaldigital.com.br\/index.php?rest_route=%2Fwp%2Fv2%2Fcategories&post=107784"},{"taxonomy":"post_tag","embeddable":true,"href":"https:\/\/diarioregionaldigital.com.br\/index.php?rest_route=%2Fwp%2Fv2%2Ftags&post=107784"}],"curies":[{"name":"wp","href":"https:\/\/api.w.org\/{rel}","templated":true}]}}