{"id":107752,"date":"2018-06-13T06:00:59","date_gmt":"2018-06-13T09:00:59","guid":{"rendered":"http:\/\/diarioregionaljf.com.br\/?p=107752"},"modified":"2018-08-13T20:27:10","modified_gmt":"2018-08-13T23:27:10","slug":"edital-de-convocacao-de-assembleia-cotramig-13-06-18","status":"publish","type":"post","link":"https:\/\/diarioregionaldigital.com.br\/?p=107752","title":{"rendered":"Edital de Convoca\u00e7\u00e3o de Assembleia &#8211; Cotramig 13\/06\/18"},"content":{"rendered":"<p style=\"text-align: center;\"><strong>EDITAL DE CONVOCA\u00c7\u00c3O DE ASSEMBLEIA GERAL EXTRAORDIN\u00c1RIA<\/strong><\/p>\n<p style=\"text-align: center;\">O Presidente da <strong>COTRAMIG \u2013 Cooperativa De Trabalho Dos Profissionais Tecnicos de Radiologia de Minas Gerais LTDA<\/strong>, CNPJ 26.967.536\/0001-74, NIRE JUCEMG 31400057030 em 27\/01\/2017, no uso das atribui\u00e7\u00f5es conferidas pelo Estatuto Social, convoca os senhores cooperados para se reunirem em Assembleia Geral Extraordin\u00e1ria que se realizar\u00e1 na sede da Cooperativa, a Rua Roberto de Barros, 25, apto. 605 \u2013 Centro \u2013 CEP: 36013-210 \u2013 Juiz de Fora &#8211; MG, no dia <strong>28 de Junho de 2018<\/strong>, em primeira convoca\u00e7\u00e3o \u00e0s 14:00 horas, com a presen\u00e7a de 2\/3 dos cooperados, em segunda convoca\u00e7\u00e3o \u00e0s 15:00 horas, no mesmo dia e local, com a presen\u00e7a de metade mais um do n\u00famero total de cooperados, e persistindo a falta de qu\u00f3rum legal, em terceira e \u00faltima convoca\u00e7\u00e3o, \u00e0s 16:00 horas, com a presen\u00e7a m\u00ednima de 10 (dez) cooperados, a fim de deliberarem sobre a seguinte ORDEM DO DIA:<\/p>\n<p style=\"text-align: center;\"><strong>I \u2013 Extin\u00e7\u00e3o da Cooperativa;<\/strong><\/p>\n<p style=\"text-align: center;\"><strong>II \u2013 Nomea\u00e7\u00e3o do Liquidante<\/strong><\/p>\n<p style=\"text-align: center;\">Juiz de Fora \u2013 MG, 12 de Junho de 2018.<\/p>\n<p style=\"text-align: center;\"><strong>GERALDO RODRIGUES AFONSO<\/strong><\/p>\n<p style=\"text-align: center;\"><strong>Presidente<\/strong><\/p>\n","protected":false},"excerpt":{"rendered":"<p>EDITAL DE CONVOCA\u00c7\u00c3O DE ASSEMBLEIA GERAL EXTRAORDIN\u00c1RIA O Presidente da COTRAMIG \u2013 Cooperativa De Trabalho Dos Profissionais Tecnicos de Radiologia de Minas Gerais LTDA, CNPJ 26.967.536\/0001-74, NIRE JUCEMG 31400057030 em 27\/01\/2017, no uso das atribui\u00e7\u00f5es conferidas pelo Estatuto Social, convoca os senhores cooperados para se reunirem em Assembleia Geral Extraordin\u00e1ria que se realizar\u00e1 na sede [&hellip;]<\/p>\n","protected":false},"author":96,"featured_media":0,"comment_status":"closed","ping_status":"closed","sticky":false,"template":"","format":"standard","meta":{"footnotes":""},"categories":[307],"tags":[],"class_list":["post-107752","post","type-post","status-publish","format-standard","hentry","category-editais"],"_links":{"self":[{"href":"https:\/\/diarioregionaldigital.com.br\/index.php?rest_route=\/wp\/v2\/posts\/107752","targetHints":{"allow":["GET"]}}],"collection":[{"href":"https:\/\/diarioregionaldigital.com.br\/index.php?rest_route=\/wp\/v2\/posts"}],"about":[{"href":"https:\/\/diarioregionaldigital.com.br\/index.php?rest_route=\/wp\/v2\/types\/post"}],"author":[{"embeddable":true,"href":"https:\/\/diarioregionaldigital.com.br\/index.php?rest_route=\/wp\/v2\/users\/96"}],"replies":[{"embeddable":true,"href":"https:\/\/diarioregionaldigital.com.br\/index.php?rest_route=%2Fwp%2Fv2%2Fcomments&post=107752"}],"version-history":[{"count":0,"href":"https:\/\/diarioregionaldigital.com.br\/index.php?rest_route=\/wp\/v2\/posts\/107752\/revisions"}],"wp:attachment":[{"href":"https:\/\/diarioregionaldigital.com.br\/index.php?rest_route=%2Fwp%2Fv2%2Fmedia&parent=107752"}],"wp:term":[{"taxonomy":"category","embeddable":true,"href":"https:\/\/diarioregionaldigital.com.br\/index.php?rest_route=%2Fwp%2Fv2%2Fcategories&post=107752"},{"taxonomy":"post_tag","embeddable":true,"href":"https:\/\/diarioregionaldigital.com.br\/index.php?rest_route=%2Fwp%2Fv2%2Ftags&post=107752"}],"curies":[{"name":"wp","href":"https:\/\/api.w.org\/{rel}","templated":true}]}}