{"id":107730,"date":"2018-06-13T06:00:33","date_gmt":"2018-06-13T09:00:33","guid":{"rendered":"http:\/\/diarioregionaljf.com.br\/?p=107730"},"modified":"2018-08-13T20:27:10","modified_gmt":"2018-08-13T23:27:10","slug":"prefeitura-municipal-de-rio-novo-13-06-18","status":"publish","type":"post","link":"https:\/\/diarioregionaldigital.com.br\/?p=107730","title":{"rendered":"Prefeitura Municipal de Rio Novo 13\/06\/18"},"content":{"rendered":"<p style=\"text-align: center;\"><strong>PREFEITURA MUNICIPAL DE RIO NOVO<\/strong><\/p>\n<p style=\"text-align: center;\"><strong>AVISO DE RETIFICA\u00c7\u00c3O<\/strong><\/p>\n<p style=\"text-align: center;\"><strong>Licita\u00e7\u00e3o n\u00b0 061\/2018<\/strong><\/p>\n<p style=\"text-align: center;\"><strong>Preg\u00e3o Presencial n\u00b0 043\/2018<\/strong><\/p>\n<p style=\"text-align: center;\">O pregoeiro Fabiano Ara\u00fajo Rodrigues, designado pela portaria 081\/2018, torna p\u00fablico, a todas as empresas interessadas em participar do referido certame, a retifica\u00e7\u00e3o do Edital, ficando retificado o ITEM 01 DO TERMO DE REFER\u00caNCIA, ANEXO III E DA ENTREGA. RIO NOVO, 12 DE JUNHO DE 2018.<\/p>\n","protected":false},"excerpt":{"rendered":"<p>PREFEITURA MUNICIPAL DE RIO NOVO AVISO DE RETIFICA\u00c7\u00c3O Licita\u00e7\u00e3o n\u00b0 061\/2018 Preg\u00e3o Presencial n\u00b0 043\/2018 O pregoeiro Fabiano Ara\u00fajo Rodrigues, designado pela portaria 081\/2018, torna p\u00fablico, a todas as empresas interessadas em participar do referido certame, a retifica\u00e7\u00e3o do Edital, ficando retificado o ITEM 01 DO TERMO DE REFER\u00caNCIA, ANEXO III E DA ENTREGA. RIO [&hellip;]<\/p>\n","protected":false},"author":96,"featured_media":0,"comment_status":"closed","ping_status":"closed","sticky":false,"template":"","format":"standard","meta":{"footnotes":""},"categories":[307],"tags":[],"class_list":["post-107730","post","type-post","status-publish","format-standard","hentry","category-editais"],"_links":{"self":[{"href":"https:\/\/diarioregionaldigital.com.br\/index.php?rest_route=\/wp\/v2\/posts\/107730","targetHints":{"allow":["GET"]}}],"collection":[{"href":"https:\/\/diarioregionaldigital.com.br\/index.php?rest_route=\/wp\/v2\/posts"}],"about":[{"href":"https:\/\/diarioregionaldigital.com.br\/index.php?rest_route=\/wp\/v2\/types\/post"}],"author":[{"embeddable":true,"href":"https:\/\/diarioregionaldigital.com.br\/index.php?rest_route=\/wp\/v2\/users\/96"}],"replies":[{"embeddable":true,"href":"https:\/\/diarioregionaldigital.com.br\/index.php?rest_route=%2Fwp%2Fv2%2Fcomments&post=107730"}],"version-history":[{"count":0,"href":"https:\/\/diarioregionaldigital.com.br\/index.php?rest_route=\/wp\/v2\/posts\/107730\/revisions"}],"wp:attachment":[{"href":"https:\/\/diarioregionaldigital.com.br\/index.php?rest_route=%2Fwp%2Fv2%2Fmedia&parent=107730"}],"wp:term":[{"taxonomy":"category","embeddable":true,"href":"https:\/\/diarioregionaldigital.com.br\/index.php?rest_route=%2Fwp%2Fv2%2Fcategories&post=107730"},{"taxonomy":"post_tag","embeddable":true,"href":"https:\/\/diarioregionaldigital.com.br\/index.php?rest_route=%2Fwp%2Fv2%2Ftags&post=107730"}],"curies":[{"name":"wp","href":"https:\/\/api.w.org\/{rel}","templated":true}]}}